{"id":11003,"date":"2023-11-08T17:48:05","date_gmt":"2023-11-08T16:48:05","guid":{"rendered":"https:\/\/meier-gerdingh.de\/wp-spd-ob\/?p=11003"},"modified":"2023-11-08T17:48:05","modified_gmt":"2023-11-08T16:48:05","slug":"spd-verurteilt-antisemitische-schmierereien-am-sophie","status":"publish","type":"post","link":"https:\/\/meier-gerdingh.de\/wp-spd-ob\/2023\/11\/08\/spd-verurteilt-antisemitische-schmierereien-am-sophie\/","title":{"rendered":"SPD verurteilt antisemitische Schmierereien am &#8222;Sophie&#8220;"},"content":{"rendered":"<p>Die SPD-Fraktion im Rat verurteilt scharf die antisemitischen Schmierereien an der Au\u00dfenfassade des Sophie-Scholl-Gymnasiums. Die Sozialdemokraten unterst\u00fctzen ausdr\u00fccklich die Haltung der Schule und ihres Leiters Andr\u00e9 Remy. Die Sterkrader Schule ist in der Nacht zu Dienstag mit Parolen wie &#8222;Zionist School&#8220; (Zionistenschule) und &#8222;Murderer School&#8220; (M\u00f6rderschule) beschmiert worden. Der Staatsschutz ermittelt, die Parolen wurden entfernt.<!--more--><\/p>\n<p>&#8222;Es ist in keiner Weise akzeptabel, dass das Sophie-Scholl-Gymnasium, die Sch\u00fclerschaft und das Lehrerkollegium f\u00fcr ihre Solidarit\u00e4t mit den Menschen in Israel auf diese Weise verunglimpft und beleidigt werden&#8220;, erkl\u00e4rt Denise Horn, die schulpolitische Sprecherin der SPD-Fraktion.<\/p>\n<p>&#8222;Die Sch\u00fclerinnen und Sch\u00fcler der Oberstufe am &#8218;Sophie&#8216; haben mit ihrem Kuchenverkauf, dessen Erl\u00f6s Hilfsorganisationen in Israel und im Gazastreifen zugutekommt, bewiesen, dass sie weit mehr Empathie f\u00fcr die zivilen Opfer dieses durch den brutalen \u00dcberfall der Hamas ausgel\u00f6sten Konflikts haben als die anonymen Schmierer.&#8220;<\/p>\n","protected":false},"excerpt":{"rendered":"<p>Die SPD-Fraktion im Rat verurteilt scharf die antisemitischen Schmierereien an der Au\u00dfenfassade des Sophie-Scholl-Gymnasiums. Die Sozialdemokraten unterst\u00fctzen ausdr\u00fccklich die Haltung der Schule und ihres Leiters Andr\u00e9 Remy. Die Sterkrader Schule&hellip; <\/p>\n","protected":false},"author":1,"featured_media":0,"comment_status":"closed","ping_status":"closed","sticky":false,"template":"","format":"standard","meta":{"footnotes":""},"categories":[2],"tags":[2685,561,46],"quellen":[326],"class_list":["post-11003","post","type-post","status-publish","format-standard","hentry","category-schule","tag-antisemitismus","tag-sophie-scholl-gymnasium","tag-sterkrade","quellen-spd-fraktion-oberhausen"],"_links":{"self":[{"href":"https:\/\/meier-gerdingh.de\/wp-spd-ob\/wp-json\/wp\/v2\/posts\/11003","targetHints":{"allow":["GET"]}}],"collection":[{"href":"https:\/\/meier-gerdingh.de\/wp-spd-ob\/wp-json\/wp\/v2\/posts"}],"about":[{"href":"https:\/\/meier-gerdingh.de\/wp-spd-ob\/wp-json\/wp\/v2\/types\/post"}],"author":[{"embeddable":true,"href":"https:\/\/meier-gerdingh.de\/wp-spd-ob\/wp-json\/wp\/v2\/users\/1"}],"replies":[{"embeddable":true,"href":"https:\/\/meier-gerdingh.de\/wp-spd-ob\/wp-json\/wp\/v2\/comments?post=11003"}],"version-history":[{"count":0,"href":"https:\/\/meier-gerdingh.de\/wp-spd-ob\/wp-json\/wp\/v2\/posts\/11003\/revisions"}],"wp:attachment":[{"href":"https:\/\/meier-gerdingh.de\/wp-spd-ob\/wp-json\/wp\/v2\/media?parent=11003"}],"wp:term":[{"taxonomy":"category","embeddable":true,"href":"https:\/\/meier-gerdingh.de\/wp-spd-ob\/wp-json\/wp\/v2\/categories?post=11003"},{"taxonomy":"post_tag","embeddable":true,"href":"https:\/\/meier-gerdingh.de\/wp-spd-ob\/wp-json\/wp\/v2\/tags?post=11003"},{"taxonomy":"quellen","embeddable":true,"href":"https:\/\/meier-gerdingh.de\/wp-spd-ob\/wp-json\/wp\/v2\/quellen?post=11003"}],"curies":[{"name":"wp","href":"https:\/\/api.w.org\/{rel}","templated":true}]}}