{"id":11039,"date":"2023-11-10T13:30:14","date_gmt":"2023-11-10T12:30:14","guid":{"rendered":"https:\/\/meier-gerdingh.de\/wp-spd-ob\/?p=11039"},"modified":"2023-11-10T13:44:28","modified_gmt":"2023-11-10T12:44:28","slug":"spd-will-energiesparmassnahmen-in-der-heizperiode-pruefen","status":"publish","type":"post","link":"https:\/\/meier-gerdingh.de\/wp-spd-ob\/2023\/11\/10\/spd-will-energiesparmassnahmen-in-der-heizperiode-pruefen\/","title":{"rendered":"SPD will Energiesparma\u00dfnahmen in der Heizperiode pr\u00fcfen"},"content":{"rendered":"<div id=\"attachment_5396\" style=\"width: 190px\" class=\"wp-caption alignleft\"><a href=\"https:\/\/meier-gerdingh.de\/wp-spd-ob\/wp-content\/uploads\/2018\/07\/14_flore_manfred_1000.jpg\"><img aria-describedby=\"caption-attachment-5396\" decoding=\"async\" class=\"size-full wp-image-5396\" src=\"https:\/\/meier-gerdingh.de\/wp-spd-ob\/wp-content\/uploads\/2018\/07\/14_flore_manfred.jpg\" alt=\"\" width=\"180\" height=\"180\" srcset=\"https:\/\/meier-gerdingh.de\/wp-spd-ob\/wp-content\/uploads\/2018\/07\/14_flore_manfred.jpg 180w, https:\/\/meier-gerdingh.de\/wp-spd-ob\/wp-content\/uploads\/2018\/07\/14_flore_manfred-150x150.jpg 150w\" sizes=\"(max-width: 180px) 100vw, 180px\" \/><\/a><p id=\"caption-attachment-5396\" class=\"wp-caption-text\">Manfred Flore ist umweltpolitischer Sprecher der SPD-Ratsfraktion und B\u00fcrgermeister der Stadt Oberhausen<\/p><\/div>\n<p>Wieviel Energie \u2013 und damit auch Geld \u2013 kann die Stadt sparen, wenn sie die Raumtemperatur in Verwaltungsgeb\u00e4uden w\u00e4hrend der Heizperiode auf maximal 20 Grad Celsius reduziert? Diese Frage m\u00f6chte die SPD-Fraktion in der <a href=\"https:\/\/meier-gerdingh.de\/wp-spd-ob\/fraktion\/antraege\/umgang-mit-der-raumtemperatur-in-oeffentlichen-gebaeuden-in-zeiten-der-energiekrise\/\">n\u00e4chsten Sitzung des Umweltausschusses thematisieren<\/a>.<\/p>\n<p>&#8222;Im Rahmen der Energiekrise wurde die Temperatur in fast allen Verwaltungsgeb\u00e4uden auf 20 Grad reduziert. Wir m\u00f6chten wissen, ob ausgewertet wurde, wie sich der st\u00e4dtische Energiebedarf dadurch verringert hat und ob es R\u00fcckmeldungen von st\u00e4dtischen Besch\u00e4ftigten gegeben hat&#8220;, erkl\u00e4rt der umweltpolitische Sprecher der SPD-Fraktion, Manfred Flore.<!--more--><\/p>\n<p>Die Beantwortung dieser Fragen ist ein erster Schritt: Wenn die niedrigere Raumtemperatur eine Energieeinsparung zur Folge hatte, soll eine Pr\u00fcfung folgen, ob in \u00f6ffentlichen Geb\u00e4uden nicht dauerhaft in der Winterperiode auf 20 Grad geheizt und in den Sommermonaten auf minimal 23 Grad gek\u00fchlt werden kann.<\/p>\n<p>Zudem soll gepr\u00fcft werden, an welchen Stellen warmes Wasser eingespart werden kann. &#8222;Energie ist auch heute knapp und teuer, au\u00dferdem in den meisten F\u00e4llen nicht CO<sub>2<\/sub>-neutral&#8220;, erkl\u00e4rt Flore dazu.<\/p>\n<p>Die gebotene, energetische Sanierung aller \u00f6ffentlichen Geb\u00e4ude sei sowohl kosten- als auch zeitintensiv, eine kurzfristige Verringerung des Energiebedarfs ohne eine signifikante Verschlechterung der Lebens- und Aufenthaltsqualit\u00e4t m\u00f6glich.<\/p>\n","protected":false},"excerpt":{"rendered":"<p>Wieviel Energie \u2013 und damit auch Geld \u2013 kann die Stadt sparen, wenn sie die Raumtemperatur in Verwaltungsgeb\u00e4uden w\u00e4hrend der Heizperiode auf maximal 20 Grad Celsius reduziert? Diese Frage m\u00f6chte&hellip; <\/p>\n","protected":false},"author":1,"featured_media":0,"comment_status":"closed","ping_status":"closed","sticky":false,"template":"","format":"standard","meta":{"footnotes":""},"categories":[896,29],"tags":[3229,3829,484,3830],"quellen":[326],"class_list":["post-11039","post","type-post","status-publish","format-standard","hentry","category-stadtverwaltung","category-umwelt","tag-energiesparen","tag-heizen","tag-klimaschutz","tag-verwaltungsgebaeude","quellen-spd-fraktion-oberhausen"],"_links":{"self":[{"href":"https:\/\/meier-gerdingh.de\/wp-spd-ob\/wp-json\/wp\/v2\/posts\/11039","targetHints":{"allow":["GET"]}}],"collection":[{"href":"https:\/\/meier-gerdingh.de\/wp-spd-ob\/wp-json\/wp\/v2\/posts"}],"about":[{"href":"https:\/\/meier-gerdingh.de\/wp-spd-ob\/wp-json\/wp\/v2\/types\/post"}],"author":[{"embeddable":true,"href":"https:\/\/meier-gerdingh.de\/wp-spd-ob\/wp-json\/wp\/v2\/users\/1"}],"replies":[{"embeddable":true,"href":"https:\/\/meier-gerdingh.de\/wp-spd-ob\/wp-json\/wp\/v2\/comments?post=11039"}],"version-history":[{"count":0,"href":"https:\/\/meier-gerdingh.de\/wp-spd-ob\/wp-json\/wp\/v2\/posts\/11039\/revisions"}],"wp:attachment":[{"href":"https:\/\/meier-gerdingh.de\/wp-spd-ob\/wp-json\/wp\/v2\/media?parent=11039"}],"wp:term":[{"taxonomy":"category","embeddable":true,"href":"https:\/\/meier-gerdingh.de\/wp-spd-ob\/wp-json\/wp\/v2\/categories?post=11039"},{"taxonomy":"post_tag","embeddable":true,"href":"https:\/\/meier-gerdingh.de\/wp-spd-ob\/wp-json\/wp\/v2\/tags?post=11039"},{"taxonomy":"quellen","embeddable":true,"href":"https:\/\/meier-gerdingh.de\/wp-spd-ob\/wp-json\/wp\/v2\/quellen?post=11039"}],"curies":[{"name":"wp","href":"https:\/\/api.w.org\/{rel}","templated":true}]}}