{"id":1107,"date":"2014-01-11T17:00:00","date_gmt":"2014-01-11T15:00:00","guid":{"rendered":"http:\/\/www.meier-gerdingh.de\/spd-oberhausen\/wp\/?p=1107"},"modified":"2017-01-03T17:14:22","modified_gmt":"2017-01-03T16:14:22","slug":"sicherheit-stand-an-erster-stelle","status":"publish","type":"post","link":"https:\/\/meier-gerdingh.de\/wp-spd-ob\/2014\/01\/11\/sicherheit-stand-an-erster-stelle\/","title":{"rendered":"Sicherheit stand an erster Stelle"},"content":{"rendered":"<div style=\"width: 150px\" class=\"wp-caption alignleft\"><a href=\"http:\/\/meier-gerdingh.de\/wp-spd-ob\/wp-content\/uploads\/zimkeit_stefan_12.jpg\"><img decoding=\"async\" class=\"size-full\" src=\"http:\/\/meier-gerdingh.de\/wp-spd-ob\/wp-content\/uploads\/zimkeit_stefan_12.jpg\" alt=\"Stefan Zimkeit ist Mitglied des Landtags NRW und schulpolitischer Sprecher der SPD-Ratsfraktion Oberhausen\" width=\"140\" height=\"169\" \/><\/a><p class=\"wp-caption-text\">Stefan Zimkeit ist Mitglied des Landtags NRW und schulpolitischer Sprecher der SPD-Ratsfraktion Oberhausen<\/p><\/div>\n<p>&#8222;F\u00fcr die Landesregierung stand bei der Unterbringung von ehemaligen Straft\u00e4tern die Sicherheit an erster Stelle&#8220;, erl\u00e4utert Stefan Zimkeit die damalige Entscheidung f\u00fcr die Therapieeinrichtung in Oberhausen. Der SPD-Landtagsabgeordnete wirft seinem CDU-Kollegen Wilhelm Hausmann &#8222;Stimmungsmache auf Kosten des Ansehens unserer Stadt&#8220; vor.<!--more--><\/p>\n<p>Die Alternative zur Umwandlung der Oberhausener JVA in eine Therapieeinrichtung w\u00e4re gewesen, psychisch gest\u00f6rte Gewaltt\u00e4ter auf freien Fu\u00df zu setzen. &#8222;Selbst bei einer teuren Rund-um-die-Uhr-\u00dcberwachung mit mehreren Polizeiteams w\u00e4re dann das Sicherheitsrisiko und insbesondere das Unsicherheitsgef\u00fchl der Bev\u00f6lkerung um ein vielfaches gr\u00f6\u00dfer&#8220;, sagt Zimkeit. &#8222;In diesem Fall w\u00e4ren CDU-Politiker die ersten gewesen, die uns unverantwortliches Handeln vorgeworfen h\u00e4tten.&#8220;<\/p>\n<p>Stefan Zimkeit wundert sich \u00fcber die heutige Kritik Wilhelm Hausmanns: &#8222;Die CDU-Landtagsfraktion hatte bei der Beratung \u00fcber die Oberhausener Einrichtung die Schwierigkeit der zu l\u00f6senden Aufgabe ausdr\u00fccklich anerkannt und der zust\u00e4ndigen Ministerin die Unterst\u00fctzung der Opposition angeboten.&#8220; Zum damaligen Zeitpunkt sei die Anzahl der Unterzubringenden nicht absehbar und Prognosen erheblich h\u00f6her gewesen, stellt Zimkeit klar.<\/p>\n<p>Wolfgang Gro\u00dfe Br\u00f6mer weist die Behauptung zur\u00fcck, die Oberhausener SPD sei f\u00fcr die Kosten der Therapieeinrichtung mitverantwortlich. &#8222;Das ist absurd&#8220;, stellt der SPD-Landtagsabgeordnete und Ratfraktionschef klar. &#8222;Die Landesgesundheitsministerin hatte damals gut begr\u00fcndet entschieden, dass Oberhausen der einzige geeignete Standort f\u00fcr einen vor\u00fcbergehende Unterbringung sei. An anderen Orten w\u00e4ren die Kosten wesentlich h\u00f6her die die Sicherheitsstandards geringer gewesen&#8220;, so Gro\u00dfe Br\u00f6mer. &#8222;Die Einrichtung ist wie geplant und versprochen geschlossen worden. Es ist \u00e4rgerlich, wenn Herr Hausmann Monate sp\u00e4ter eine angebliche Imagebelastung f\u00fcr Oberhausen herbeizureden versucht.&#8220;<\/p>\n","protected":false},"excerpt":{"rendered":"<p>&#8222;F\u00fcr die Landesregierung stand bei der Unterbringung von ehemaligen Straft\u00e4tern die Sicherheit an erster Stelle&#8220;, erl\u00e4utert Stefan Zimkeit die damalige Entscheidung f\u00fcr die Therapieeinrichtung in Oberhausen. Der SPD-Landtagsabgeordnete wirft seinem&hellip; <\/p>\n","protected":false},"author":1,"featured_media":0,"comment_status":"closed","ping_status":"closed","sticky":false,"template":"","format":"standard","meta":{"footnotes":""},"categories":[7],"tags":[154,449,155],"quellen":[331],"class_list":["post-1107","post","type-post","status-publish","format-standard","hentry","category-sicherheit","tag-jva","tag-sicherheit","tag-therapieeinrichtung","quellen-mdl-stefan-zimkeit"],"_links":{"self":[{"href":"https:\/\/meier-gerdingh.de\/wp-spd-ob\/wp-json\/wp\/v2\/posts\/1107","targetHints":{"allow":["GET"]}}],"collection":[{"href":"https:\/\/meier-gerdingh.de\/wp-spd-ob\/wp-json\/wp\/v2\/posts"}],"about":[{"href":"https:\/\/meier-gerdingh.de\/wp-spd-ob\/wp-json\/wp\/v2\/types\/post"}],"author":[{"embeddable":true,"href":"https:\/\/meier-gerdingh.de\/wp-spd-ob\/wp-json\/wp\/v2\/users\/1"}],"replies":[{"embeddable":true,"href":"https:\/\/meier-gerdingh.de\/wp-spd-ob\/wp-json\/wp\/v2\/comments?post=1107"}],"version-history":[{"count":0,"href":"https:\/\/meier-gerdingh.de\/wp-spd-ob\/wp-json\/wp\/v2\/posts\/1107\/revisions"}],"wp:attachment":[{"href":"https:\/\/meier-gerdingh.de\/wp-spd-ob\/wp-json\/wp\/v2\/media?parent=1107"}],"wp:term":[{"taxonomy":"category","embeddable":true,"href":"https:\/\/meier-gerdingh.de\/wp-spd-ob\/wp-json\/wp\/v2\/categories?post=1107"},{"taxonomy":"post_tag","embeddable":true,"href":"https:\/\/meier-gerdingh.de\/wp-spd-ob\/wp-json\/wp\/v2\/tags?post=1107"},{"taxonomy":"quellen","embeddable":true,"href":"https:\/\/meier-gerdingh.de\/wp-spd-ob\/wp-json\/wp\/v2\/quellen?post=1107"}],"curies":[{"name":"wp","href":"https:\/\/api.w.org\/{rel}","templated":true}]}}