{"id":1108,"date":"2013-12-16T17:00:00","date_gmt":"2013-12-16T15:00:00","guid":{"rendered":"http:\/\/www.meier-gerdingh.de\/spd-oberhausen\/wp\/?p=1108"},"modified":"2017-01-03T18:23:40","modified_gmt":"2017-01-03T17:23:40","slug":"staedtebaufoerderung-fuer-das-haus-der-jugend","status":"publish","type":"post","link":"https:\/\/meier-gerdingh.de\/wp-spd-ob\/2013\/12\/16\/staedtebaufoerderung-fuer-das-haus-der-jugend\/","title":{"rendered":"St\u00e4dtebauf\u00f6rderung f\u00fcr das Haus der Jugend"},"content":{"rendered":"<div style=\"width: 150px\" class=\"wp-caption alignleft\"><a href=\"http:\/\/meier-gerdingh.de\/wp-spd-ob\/wp-content\/uploads\/grosse_broemer_wolfgang_12.jpg\"><img decoding=\"async\" class=\"size-full\" src=\"http:\/\/meier-gerdingh.de\/wp-spd-ob\/wp-content\/uploads\/grosse_broemer_wolfgang_12.jpg\" alt=\"Wolfgang Gro\u00dfe Br\u00f6mer ist Vorsitzender der SPD-Ratsfraktion und Mitglied des Landtags von Nordrhein-Westfalen\" width=\"140\" height=\"169\" \/><\/a><p class=\"wp-caption-text\">Wolfgang Gro\u00dfe Br\u00f6mer ist Vorsitzender der SPD-Ratsfraktion und Mitglied des Landtags von Nordrhein-Westfalen<\/p><\/div>\n<p>&#8222;Eine Landesf\u00f6rderung f\u00fcr das neue Haus der Jugend in der Oberhausener Innenstadt ist zweifelsfrei rechtm\u00e4\u00dfig&#8220;, stellt Wolfgang Gro\u00dfe Br\u00f6mer (SPD) fest. &#8222;Das geht aus einer Antwort der Landesregierung auf eine kleine Anfrage eines CDU-Abgeordneten hervor.&#8220; Oberhausen erh\u00e4lt 2,6 Millionen Euro F\u00f6rdermittel aus dem Stadterneuerungsprogramm, um die Jugendarbeit in Oberhausen-Mitte an der Gebr\u00fcder-Grimm-Schule zu b\u00fcndeln.<!--more--><\/p>\n<p>Der Euskirchener CDU-Abgeordnete Klaus Voussem wollte verhindern, dass diese Landesgelder in unsere Stadt flie\u00dfen, berichtet der SPD-Finanzexperte Stefan Zimkeit. &#8222;Die Behauptung der CDU-Landtagsfraktion, unsere Jugendarbeit entspreche nicht den Standards und Kriterien der St\u00e4dtebauf\u00f6rderung, hat das Ministerium komplett zur\u00fcckgewiesen.&#8220; Die beiden NRW-Parlamentarier Gro\u00dfe Br\u00f6mer und Zimkeit halten die CDU-Anfrage f\u00fcr skandal\u00f6s, weil damit der Stadt Oberhausen Schaden zugef\u00fcgt werden sollte.<\/p>\n<p>Stefan Zimkeit \u00e4rgert sich insbesondere \u00fcber seinen CDU-Landtagskollegen Wilhelm Hausmann, der &#8222;dieses seltsame Man\u00f6ver passieren&#8220; lie\u00df. &#8222;Von einem Oberhausener Politiker sollte man erwarten, dass er in D\u00fcsseldorf die Interessen seiner Heimatstadt im Auge hat und sich \u00f6ffentlich gegen Initiativen von Parteikollegen ausspricht, die Oberhausen schaden sollen&#8220;, so Zimkeit.<\/p>\n","protected":false},"excerpt":{"rendered":"<p>&#8222;Eine Landesf\u00f6rderung f\u00fcr das neue Haus der Jugend in der Oberhausener Innenstadt ist zweifelsfrei rechtm\u00e4\u00dfig&#8220;, stellt Wolfgang Gro\u00dfe Br\u00f6mer (SPD) fest. &#8222;Das geht aus einer Antwort der Landesregierung auf eine&hellip; <\/p>\n","protected":false},"author":1,"featured_media":0,"comment_status":"closed","ping_status":"closed","sticky":false,"template":"","format":"standard","meta":{"footnotes":""},"categories":[1],"tags":[],"quellen":[326],"class_list":["post-1108","post","type-post","status-publish","format-standard","hentry","category-allgemein","quellen-spd-fraktion-oberhausen"],"_links":{"self":[{"href":"https:\/\/meier-gerdingh.de\/wp-spd-ob\/wp-json\/wp\/v2\/posts\/1108","targetHints":{"allow":["GET"]}}],"collection":[{"href":"https:\/\/meier-gerdingh.de\/wp-spd-ob\/wp-json\/wp\/v2\/posts"}],"about":[{"href":"https:\/\/meier-gerdingh.de\/wp-spd-ob\/wp-json\/wp\/v2\/types\/post"}],"author":[{"embeddable":true,"href":"https:\/\/meier-gerdingh.de\/wp-spd-ob\/wp-json\/wp\/v2\/users\/1"}],"replies":[{"embeddable":true,"href":"https:\/\/meier-gerdingh.de\/wp-spd-ob\/wp-json\/wp\/v2\/comments?post=1108"}],"version-history":[{"count":0,"href":"https:\/\/meier-gerdingh.de\/wp-spd-ob\/wp-json\/wp\/v2\/posts\/1108\/revisions"}],"wp:attachment":[{"href":"https:\/\/meier-gerdingh.de\/wp-spd-ob\/wp-json\/wp\/v2\/media?parent=1108"}],"wp:term":[{"taxonomy":"category","embeddable":true,"href":"https:\/\/meier-gerdingh.de\/wp-spd-ob\/wp-json\/wp\/v2\/categories?post=1108"},{"taxonomy":"post_tag","embeddable":true,"href":"https:\/\/meier-gerdingh.de\/wp-spd-ob\/wp-json\/wp\/v2\/tags?post=1108"},{"taxonomy":"quellen","embeddable":true,"href":"https:\/\/meier-gerdingh.de\/wp-spd-ob\/wp-json\/wp\/v2\/quellen?post=1108"}],"curies":[{"name":"wp","href":"https:\/\/api.w.org\/{rel}","templated":true}]}}