{"id":11080,"date":"2023-11-21T18:41:38","date_gmt":"2023-11-21T17:41:38","guid":{"rendered":"https:\/\/meier-gerdingh.de\/wp-spd-ob\/?p=11080"},"modified":"2023-11-21T18:48:31","modified_gmt":"2023-11-21T17:48:31","slug":"spd-nimmt-staedtischen-energieverbrauch-ins-auge","status":"publish","type":"post","link":"https:\/\/meier-gerdingh.de\/wp-spd-ob\/2023\/11\/21\/spd-nimmt-staedtischen-energieverbrauch-ins-auge\/","title":{"rendered":"SPD nimmt st\u00e4dtischen Energieverbrauch ins Auge"},"content":{"rendered":"<div id=\"attachment_5396\" style=\"width: 190px\" class=\"wp-caption alignleft\"><a href=\"https:\/\/meier-gerdingh.de\/wp-spd-ob\/wp-content\/uploads\/2018\/07\/14_flore_manfred_1000.jpg\"><img aria-describedby=\"caption-attachment-5396\" decoding=\"async\" class=\"size-full wp-image-5396\" src=\"https:\/\/meier-gerdingh.de\/wp-spd-ob\/wp-content\/uploads\/2018\/07\/14_flore_manfred.jpg\" alt=\"\" width=\"180\" height=\"180\" srcset=\"https:\/\/meier-gerdingh.de\/wp-spd-ob\/wp-content\/uploads\/2018\/07\/14_flore_manfred.jpg 180w, https:\/\/meier-gerdingh.de\/wp-spd-ob\/wp-content\/uploads\/2018\/07\/14_flore_manfred-150x150.jpg 150w\" sizes=\"(max-width: 180px) 100vw, 180px\" \/><\/a><p id=\"caption-attachment-5396\" class=\"wp-caption-text\">Manfred Flore ist umweltpolitischer Sprecher der SPD-Ratsfraktion und B\u00fcrgermeister der Stadt Oberhausen<\/p><\/div>\n<p>In der Sitzung des st\u00e4dtischen Umweltausschusses am Mittwoch will die SPD erfahren, <a href=\"https:\/\/meier-gerdingh.de\/wp-spd-ob\/fraktion\/antraege\/sachstand-massnahmen-zur-reduzierung-des-energiebedarfs-in-staedtischen-gebaeuden-und-zur-fernwaerme-in-oberhausen\/\">wie es um Ma\u00dfnahmen zur Reduzierung des Energiebedarfs in st\u00e4dtischen Geb\u00e4uden und um die Fernw\u00e4rme in Oberhausen steht<\/a>. &#8222;Welche Ma\u00dfnahmen plant die Stadtverwaltung in welchem Zeitrahmen zur Reduzierung des Energiebedarfs?&#8220;, fragt der umweltpolitische Sprecher der SPD-Fraktion, Manfred Flore.<\/p>\n<p>Au\u00dferdem wollen die Sozialdemokraten wissen, welche kurzfristigen Ver\u00e4nderungen an den Heizsystemen von Stadt und SBO geplant sind, um Energie und damit auch Kosten zu sparen. &#8222;Das k\u00f6nnte relativ einfach mit zus\u00e4tzlicher D\u00e4mmung von Heizungsrohren oder smarten Thermostaten geschehen&#8220;, erkl\u00e4rt Flore.<!--more--><\/p>\n<p>Au\u00dferdem widmet sich die Fraktion dem Thema Fernw\u00e4rme: Hier m\u00f6chten die Sozialdemokraten von der EVO erfahren, wie hoch aktuell der Anteil an fossilen Energietr\u00e4gern ist und welche Ma\u00dfnahmen die EVO plant, um k\u00fcnftig mehr auf erneuerbare Energietr\u00e4ger zu setzen.<\/p>\n","protected":false},"excerpt":{"rendered":"<p>In der Sitzung des st\u00e4dtischen Umweltausschusses am Mittwoch will die SPD erfahren, wie es um Ma\u00dfnahmen zur Reduzierung des Energiebedarfs in st\u00e4dtischen Geb\u00e4uden und um die Fernw\u00e4rme in Oberhausen steht.&hellip; <\/p>\n","protected":false},"author":1,"featured_media":0,"comment_status":"closed","ping_status":"closed","sticky":false,"template":"","format":"standard","meta":{"footnotes":""},"categories":[3568,896],"tags":[3229,876,769,765,3834,3829,3222,3700],"quellen":[326],"class_list":["post-11080","post","type-post","status-publish","format-standard","hentry","category-energiewende","category-stadtverwaltung","tag-energiesparen","tag-erneuerbare-energien","tag-evo","tag-fernwaerme","tag-fossile-brennstoffe","tag-heizen","tag-sbo","tag-staedtische-gebaeude","quellen-spd-fraktion-oberhausen"],"_links":{"self":[{"href":"https:\/\/meier-gerdingh.de\/wp-spd-ob\/wp-json\/wp\/v2\/posts\/11080","targetHints":{"allow":["GET"]}}],"collection":[{"href":"https:\/\/meier-gerdingh.de\/wp-spd-ob\/wp-json\/wp\/v2\/posts"}],"about":[{"href":"https:\/\/meier-gerdingh.de\/wp-spd-ob\/wp-json\/wp\/v2\/types\/post"}],"author":[{"embeddable":true,"href":"https:\/\/meier-gerdingh.de\/wp-spd-ob\/wp-json\/wp\/v2\/users\/1"}],"replies":[{"embeddable":true,"href":"https:\/\/meier-gerdingh.de\/wp-spd-ob\/wp-json\/wp\/v2\/comments?post=11080"}],"version-history":[{"count":0,"href":"https:\/\/meier-gerdingh.de\/wp-spd-ob\/wp-json\/wp\/v2\/posts\/11080\/revisions"}],"wp:attachment":[{"href":"https:\/\/meier-gerdingh.de\/wp-spd-ob\/wp-json\/wp\/v2\/media?parent=11080"}],"wp:term":[{"taxonomy":"category","embeddable":true,"href":"https:\/\/meier-gerdingh.de\/wp-spd-ob\/wp-json\/wp\/v2\/categories?post=11080"},{"taxonomy":"post_tag","embeddable":true,"href":"https:\/\/meier-gerdingh.de\/wp-spd-ob\/wp-json\/wp\/v2\/tags?post=11080"},{"taxonomy":"quellen","embeddable":true,"href":"https:\/\/meier-gerdingh.de\/wp-spd-ob\/wp-json\/wp\/v2\/quellen?post=11080"}],"curies":[{"name":"wp","href":"https:\/\/api.w.org\/{rel}","templated":true}]}}