{"id":1109,"date":"2013-12-20T17:00:00","date_gmt":"2013-12-20T15:00:00","guid":{"rendered":"http:\/\/www.meier-gerdingh.de\/spd-oberhausen\/wp\/?p=1109"},"modified":"2016-12-07T18:24:56","modified_gmt":"2016-12-07T17:24:56","slug":"liebe-buergerinnen-und-buerger","status":"publish","type":"post","link":"https:\/\/meier-gerdingh.de\/wp-spd-ob\/2013\/12\/20\/liebe-buergerinnen-und-buerger\/","title":{"rendered":"Liebe B\u00fcrgerinnen und B\u00fcrger,"},"content":{"rendered":"<div id=\"attachment_1381\" style=\"width: 210px\" class=\"wp-caption alignleft\"><a href=\"http:\/\/meier-gerdingh.de\/wp-spd-ob\/wp-content\/uploads\/gasometer_10.jpg\"><img aria-describedby=\"caption-attachment-1381\" decoding=\"async\" class=\"size-full wp-image-1381\" src=\"http:\/\/meier-gerdingh.de\/wp-spd-ob\/wp-content\/uploads\/gasometer_10.jpg\" alt=\"Die beleuctete Unterlegscheibe im Gasometer Oberhausen\" width=\"200\" height=\"127\" \/><\/a><p id=\"caption-attachment-1381\" class=\"wp-caption-text\">Wir w\u00fcnschen allen Oberhausenerinnen und Oberhausenern ein gesundes und erfolgreiches Jahr 2014<\/p><\/div>\n<p>2013 war f\u00fcr unsere Partei ein ganz besonderes Jahr: Wir feierten in Berlin vor dem Brandenburger Tor und in ganz Deutschland das 150-j\u00e4hrige Jubil\u00e4um der SPD. Auch in Oberhausen haben wir mit unserer gro\u00dfen Veranstaltung im Theater zusammen mit dem Parteivorsitzenden Sigmar Gabriel w\u00fcrdevoll diesen runden Geburtstag begangen.<!--more--><\/p>\n<p>In NRW haben wir in einer starken rot-gr\u00fcnen Regierung wichtige Projekte auf den Weg gebracht. Allen voran in der Bildungspolitik, zum Beispiel mit dem weiteren Ausbau des Gemeinsamen Lernens. Die finanzschwachen St\u00e4dte und Gemeinden erhalten zudem im 1. und 2. St\u00e4rkungspakt die solidarisch finanzierte und dringend notwendige Unterst\u00fctzung.<\/p>\n<p>2013 war auch das Jahr der Bundestagswahl: Unser Kandidat Dirk V\u00f6pel wurde direkt in den Bundestag gew\u00e4hlt. Es l\u00e4sst sich allerdings leider nicht verhehlen, dass der Wahlausgang bei den Zweitstimmen eher entt\u00e4uschend war. Nach der gro\u00dfen Zustimmung der Mitglieder zur Gro\u00dfen Koalition haben wir jetzt jedoch mit sechs neuen sozialdemokratischen Ministerinnen und Ministern eine hervorragende Startposition f\u00fcr die zuk\u00fcnftige Regierungsarbeit.<\/p>\n<p>In unserer Heimatstadt haben wir den Weg der Konsolidierung der Finanzen mit sozialem Augenma\u00df fortgesetzt und k\u00f6nnen auf die Unterst\u00fctzung des Landes mit den St\u00e4rkungspaktmitteln bauen. Der Haushalt f\u00fcr 2014 und die mit notwendigen \u00c4nderungen versehene Fortschreibung des Haushaltssanierungsplans wurden im Rat verabschiedet. Nicht zuletzt bei dieser Debatte im Rat ist die Linie der Sozialdemokratie deutlich geworden: Wer eine verantwortungsvolle Politik betreiben m\u00f6chte, muss gerade in schwierigen Zeiten bereit sein, Verantwortung zu \u00fcbernehmen. Mit der aktuellen Genehmigung durch die Bezirksregierung haben wir wieder Handlungsspielr\u00e4ume f\u00fcr die weitere Entwicklung unserer Heimatstadt erreicht.<\/p>\n<p>Den politischen Willen Oberhausen zu gestalten haben wir 2013 mit verschiedenen Antr\u00e4gen im Rat und den Bezirksvertretungen zur Stadt- und Quartiersentwicklung, u. a. in einem konkreten 26-Punkte-Plan, untermauert. Damit haben wir wichtige Projekte zur nachhaltigen Verbesserung der Wohn- und Lebenssituation in Alt-Oberhausen, Osterfeld und in Sterkrade auf den Weg gebracht. Nach unserem Verst\u00e4ndnis m\u00fcssen wir nun das Stadtentwicklungskonzept Schritt f\u00fcr Schritt zu einem gesamtst\u00e4dtischen Handlungskonzept ausbauen, das sowohl st\u00e4dte\u00fcbergreifende Zielsetzungen als auch kleinteilige Quartiersprogramme in Einklang bringt und die B\u00fcrgerinnen und B\u00fcrger mit einbezieht.<\/p>\n<p>Manchmal sind es auch nur die vermeintlich kleinen Dinge, die deutliche Verbesserungen mit sich bringen: Zum Beispiel die Neukonzeption der Jugendarbeit, die Fortsetzung der Schulsozialarbeit, die Umstellung der Sperrm\u00fcllabfuhr, der Bau moderner Sportanlagen, die Errichtung einer Natur-Erlebnis-Schule im Kaisergarten oder die Renovierung von Kultureinrichtungen.<\/p>\n<p>Die Zukunft Oberhausens zu gestalten \u2013 das wird auch unser Anspruch f\u00fcr die Kommunalwahl im Mai 2014 sein, bei der wir mit einer guten Mischung aus erfahrenen und neuen Ratskandidaten um Stimmen werben.<\/p>\n<p>Allen B\u00fcrgerinnen und B\u00fcrgern w\u00fcnschen wir f\u00fcr das vor uns liegende Jahr Gl\u00fcck und Erfolg und danken allen, die sich mit viel b\u00fcrgerschaftlichem Engagement in Vereinen, Verb\u00e4nden und Institutionen f\u00fcr unsere Heimatstadt Oberhausen eingesetzt haben.<\/p>\n<p><b>Michael Groschek<br \/>\nUB-Vorsitzender<\/b><\/p>\n<p><b>Wolfgang Gro\u00dfe Br\u00f6mer<br \/>\nFraktionsvorsitzender<\/b><\/p>\n","protected":false},"excerpt":{"rendered":"<p>2013 war f\u00fcr unsere Partei ein ganz besonderes Jahr: Wir feierten in Berlin vor dem Brandenburger Tor und in ganz Deutschland das 150-j\u00e4hrige Jubil\u00e4um der SPD. Auch in Oberhausen haben&hellip; <\/p>\n","protected":false},"author":1,"featured_media":0,"comment_status":"closed","ping_status":"closed","sticky":false,"template":"","format":"standard","meta":{"footnotes":""},"categories":[1],"tags":[],"quellen":[326,327],"class_list":["post-1109","post","type-post","status-publish","format-standard","hentry","category-allgemein","quellen-spd-fraktion-oberhausen","quellen-spd-unterbezirk-oberhausen"],"_links":{"self":[{"href":"https:\/\/meier-gerdingh.de\/wp-spd-ob\/wp-json\/wp\/v2\/posts\/1109","targetHints":{"allow":["GET"]}}],"collection":[{"href":"https:\/\/meier-gerdingh.de\/wp-spd-ob\/wp-json\/wp\/v2\/posts"}],"about":[{"href":"https:\/\/meier-gerdingh.de\/wp-spd-ob\/wp-json\/wp\/v2\/types\/post"}],"author":[{"embeddable":true,"href":"https:\/\/meier-gerdingh.de\/wp-spd-ob\/wp-json\/wp\/v2\/users\/1"}],"replies":[{"embeddable":true,"href":"https:\/\/meier-gerdingh.de\/wp-spd-ob\/wp-json\/wp\/v2\/comments?post=1109"}],"version-history":[{"count":0,"href":"https:\/\/meier-gerdingh.de\/wp-spd-ob\/wp-json\/wp\/v2\/posts\/1109\/revisions"}],"wp:attachment":[{"href":"https:\/\/meier-gerdingh.de\/wp-spd-ob\/wp-json\/wp\/v2\/media?parent=1109"}],"wp:term":[{"taxonomy":"category","embeddable":true,"href":"https:\/\/meier-gerdingh.de\/wp-spd-ob\/wp-json\/wp\/v2\/categories?post=1109"},{"taxonomy":"post_tag","embeddable":true,"href":"https:\/\/meier-gerdingh.de\/wp-spd-ob\/wp-json\/wp\/v2\/tags?post=1109"},{"taxonomy":"quellen","embeddable":true,"href":"https:\/\/meier-gerdingh.de\/wp-spd-ob\/wp-json\/wp\/v2\/quellen?post=1109"}],"curies":[{"name":"wp","href":"https:\/\/api.w.org\/{rel}","templated":true}]}}