{"id":11097,"date":"2023-11-29T18:09:57","date_gmt":"2023-11-29T17:09:57","guid":{"rendered":"https:\/\/meier-gerdingh.de\/wp-spd-ob\/?p=11097"},"modified":"2024-06-13T14:49:03","modified_gmt":"2024-06-13T12:49:03","slug":"haertere-gangart-gegen-clankriminalitaet","status":"publish","type":"post","link":"https:\/\/meier-gerdingh.de\/wp-spd-ob\/2023\/11\/29\/haertere-gangart-gegen-clankriminalitaet\/","title":{"rendered":"H\u00e4rtere Gangart gegen Clankriminalit\u00e4t"},"content":{"rendered":"<p><a href=\"https:\/\/meier-gerdingh.de\/wp-spd-ob\/wp-content\/uploads\/2023\/03\/banner-diese-woche-im-landtag-01.jpg\"><img decoding=\"async\" class=\"aligncenter size-full wp-image-10267\" src=\"https:\/\/meier-gerdingh.de\/wp-spd-ob\/wp-content\/uploads\/2023\/03\/banner-diese-woche-im-landtag-01.jpg\" alt=\"\" width=\"700\" height=\"258\" srcset=\"https:\/\/meier-gerdingh.de\/wp-spd-ob\/wp-content\/uploads\/2023\/03\/banner-diese-woche-im-landtag-01.jpg 700w, https:\/\/meier-gerdingh.de\/wp-spd-ob\/wp-content\/uploads\/2023\/03\/banner-diese-woche-im-landtag-01-300x111.jpg 300w\" sizes=\"(max-width: 700px) 100vw, 700px\" \/><\/a>Die Clankriminalit\u00e4t in NRW breitet sich zunehmend aus, aber der Staat agiert bislang in Teilen zur\u00fcckhaltend. Oftmals sind es medienwirksame Auftritte des Innenministers, doch in den Polizeibeh\u00f6rden vor Ort sieht der Alltag oft anders aus. Die SPD-Landtagsabgeordnete Sonja Bongers regt nun an, verst\u00e4rkt an die Verm\u00f6gen der Kriminellen zu gehen.<\/p>\n<p>&#8222;Wir sind uns alle dar\u00fcber klar, dass wir diese Clankriminalit\u00e4t mit allen Mitteln bek\u00e4mpfen m\u00fcssen. Aber wir m\u00fcssen es auch tun&#8220;, sagt die SPD-Rechtsexpertin Sonja Bongers bei ihrer Plenarrede im Landtag.<!--more--><\/p>\n<p>Ein Mittel ist ihrer Ansicht nach die Verm\u00f6gensabsch\u00f6pfung. &#8222;Verm\u00f6gungsabsch\u00f6pfung ist ein effektives Mittel, um hier vorzugehen. Leider wurde das Instrument der Verm\u00f6genabsch\u00f6pfung bei den \u00fcber 6000 begangenen Straftaten, meist Raub und Erpressung, nur in 24 F\u00e4llen angewandt. Wir sehen hier deutlich mehr Potential in der Kriminalit\u00e4tsbek\u00e4mpfung und finden es wichtig, dass diese Strategie zur Eind\u00e4mmung von Clankriminalit\u00e4t weiter ausgebaut wird&#8220;, so Bongers weiter.<\/p>\n<h3 class=\"spd-ob-crossheading\">Bessere Evaluation und mehr Personal<\/h3>\n<p>Dazu seien jedoch einige Ma\u00dfnahmen erforderlich. Das beginne mit einer genauen elektronischen Erfassung aller Vorg\u00e4nge und beinhalte auch eine angemessene personelle sowie sachliche Ausstattung in diesem Bereich, so die SPD-Politikerin.<\/p>\n<p>&#8222;Mehr Personal, das gezielt mit der Verm\u00f6gensabsch\u00f6pfung beauftragt ist, kann auch mehr Erfolge herbeif\u00fchren. Wenn nach einiger Zeit bereits Erfahrungen mit der Absch\u00f6pfung solcher Verm\u00f6genswerte gesammelt wurden, macht eine Evaluation der Ma\u00dfnahmen durchaus Sinn, um diese zuk\u00fcnftig effektiver gestalten zu k\u00f6nnen&#8220;, sagte die Landtagsabgeordnete.<\/p>\n","protected":false},"excerpt":{"rendered":"<p>Die Clankriminalit\u00e4t in NRW breitet sich zunehmend aus, aber der Staat agiert bislang in Teilen zur\u00fcckhaltend. Oftmals sind es medienwirksame Auftritte des Innenministers, doch in den Polizeibeh\u00f6rden vor Ort sieht&hellip; <\/p>\n","protected":false},"author":1,"featured_media":0,"comment_status":"closed","ping_status":"closed","sticky":false,"template":"","format":"standard","meta":{"footnotes":""},"categories":[4120,216,7],"tags":[3526,3846],"quellen":[1317],"class_list":["post-11097","post","type-post","status-publish","format-standard","hentry","category-die-woche-im-landtag","category-land","category-sicherheit","tag-clankriminalitaet","tag-vermoegensabschoepfung","quellen-mdl-sonja-bongers"],"_links":{"self":[{"href":"https:\/\/meier-gerdingh.de\/wp-spd-ob\/wp-json\/wp\/v2\/posts\/11097","targetHints":{"allow":["GET"]}}],"collection":[{"href":"https:\/\/meier-gerdingh.de\/wp-spd-ob\/wp-json\/wp\/v2\/posts"}],"about":[{"href":"https:\/\/meier-gerdingh.de\/wp-spd-ob\/wp-json\/wp\/v2\/types\/post"}],"author":[{"embeddable":true,"href":"https:\/\/meier-gerdingh.de\/wp-spd-ob\/wp-json\/wp\/v2\/users\/1"}],"replies":[{"embeddable":true,"href":"https:\/\/meier-gerdingh.de\/wp-spd-ob\/wp-json\/wp\/v2\/comments?post=11097"}],"version-history":[{"count":0,"href":"https:\/\/meier-gerdingh.de\/wp-spd-ob\/wp-json\/wp\/v2\/posts\/11097\/revisions"}],"wp:attachment":[{"href":"https:\/\/meier-gerdingh.de\/wp-spd-ob\/wp-json\/wp\/v2\/media?parent=11097"}],"wp:term":[{"taxonomy":"category","embeddable":true,"href":"https:\/\/meier-gerdingh.de\/wp-spd-ob\/wp-json\/wp\/v2\/categories?post=11097"},{"taxonomy":"post_tag","embeddable":true,"href":"https:\/\/meier-gerdingh.de\/wp-spd-ob\/wp-json\/wp\/v2\/tags?post=11097"},{"taxonomy":"quellen","embeddable":true,"href":"https:\/\/meier-gerdingh.de\/wp-spd-ob\/wp-json\/wp\/v2\/quellen?post=11097"}],"curies":[{"name":"wp","href":"https:\/\/api.w.org\/{rel}","templated":true}]}}