{"id":1110,"date":"2014-01-06T17:00:00","date_gmt":"2014-01-06T15:00:00","guid":{"rendered":"http:\/\/www.meier-gerdingh.de\/spd-oberhausen\/wp\/?p=1110"},"modified":"2015-08-05T11:54:06","modified_gmt":"2015-08-05T09:54:06","slug":"ov-vorsitzender-sebastian-flecken-begruesst-kibiz-reform","status":"publish","type":"post","link":"https:\/\/meier-gerdingh.de\/wp-spd-ob\/2014\/01\/06\/ov-vorsitzender-sebastian-flecken-begruesst-kibiz-reform\/","title":{"rendered":"OV-Vorsitzender Sebastian Flecken begr\u00fc\u00dft KIBIZ-Reform"},"content":{"rendered":"<p>Das Kinderbildungsgesetz (KIBIZ) wurde 2007 unter der schwarz-gelben Landesregierung verabschiedet. Eine Reform war dringend notwendig. So findet der Delfin-Sprachtest 2014 zum letzten Mal statt. Stattdessen setzt man auf eine kontinuierliche Sprachf\u00f6rderung aller Kinder von Beginn an. &#8222;Ein richtig Weg&#8220;, so Flecken, &#8222;denn eine einmalige Bestandsaufnahme, die zumal eine konstruierte Testsituation darstellt, ist f\u00fcr viele Kinder wenig geeignet, um valide Daten zu erheben. Vielmehr findet Sprachf\u00f6rderung jetzt da statt, wo sie hingeh\u00f6rt, im Alltag der Kinder.&#8220; Die Landesregierung stellt zuk\u00fcnftig 5 Millionen Euro pro Jahr f\u00fcr die kontinuierliche Fortbildung f\u00fcr Erzieherinnen und Erzieher im Bereich der Sprachf\u00f6rderung zur Verf\u00fcgung.<!--more--><\/p>\n<p>Auch die Verf\u00fcgungspauschale h\u00e4lt Flecken f\u00fcr einen Schritt in die richtige Richtung. 55 Millionen stellt das Land k\u00fcnftig j\u00e4hrlich den Kindertageseinrichtungen zur Verf\u00fcgung. Jeder Tr\u00e4ger einer Kita kann dabei selbst entscheiden, ob er das Geld f\u00fcr personelle Unterst\u00fctzung im Rahmen der Mittagsversorgung oder f\u00fcr Leitungs- \/ Verf\u00fcgungszeit verwendet. Dar\u00fcber hinaus ist es auch m\u00f6glich, die Pauschale f\u00fcr Vertretungen zu verwenden. Flecken: &#8222;Mit der Verf\u00fcgungspauschale werden Erzieherinnen und Erzieher entlastet. Diese erm\u00f6glicht es, unterst\u00fctzendes Personal f\u00fcr nicht-p\u00e4dagogische Aufgaben einzustellen. So k\u00f6nnen sich die Fachkr\u00e4fte um das wirklich Wichtige k\u00fcmmern: die ihnen anvertrauten Kinder.&#8220;<\/p>\n<p>Mit KITAplus stellt die Landesregierung 45 Millionen zus\u00e4tzlich f\u00fcr Kindertageseinrichtungen in Stadtteilen mit besonders bildungsbenachteiligten Familien zur Verf\u00fcgung.<\/p>\n<p>Konkret bedeutet dies: 25.000 Euro pro ausgew\u00e4hlter KITAplus-Einrichtung. Damit k\u00f6nnen beispielsweise zus\u00e4tzliche Fachkr\u00e4fte finanziert werden. Sebastian Flecken: &#8222;Mit KITAplus werden Kitas in besonders benachteiligten Stadtteilen gest\u00e4rkt. Hier ist der Arbeitsaufwand in bestimmten Arbeitsbereichen, wie der Sprachf\u00f6rderung, einfach h\u00f6her. KITAplus tr\u00e4gt hier somit zu mehr Bildungsgerechtigkeit dar.&#8220;<\/p>\n","protected":false},"excerpt":{"rendered":"<p>Das Kinderbildungsgesetz (KIBIZ) wurde 2007 unter der schwarz-gelben Landesregierung verabschiedet. Eine Reform war dringend notwendig. So findet der Delfin-Sprachtest 2014 zum letzten Mal statt. Stattdessen setzt man auf eine kontinuierliche&hellip; <\/p>\n","protected":false},"author":1,"featured_media":0,"comment_status":"closed","ping_status":"closed","sticky":false,"template":"","format":"standard","meta":{"footnotes":""},"categories":[179],"tags":[170,162,168,161,164,169,165,163,464,166],"quellen":[337],"class_list":["post-1110","post","type-post","status-publish","format-standard","hentry","category-kinder-und-jugendliche","tag-delfin-sprachtest","tag-kibiz","tag-kinderbetreuung","tag-kinderbildungsgesetz","tag-kindertageseinrichtungen","tag-kitaplus","tag-kitas","tag-sprachfoerderung","tag-stadtteile","tag-verfuegungspauschale","quellen-ov-sterkrade-nord"],"_links":{"self":[{"href":"https:\/\/meier-gerdingh.de\/wp-spd-ob\/wp-json\/wp\/v2\/posts\/1110","targetHints":{"allow":["GET"]}}],"collection":[{"href":"https:\/\/meier-gerdingh.de\/wp-spd-ob\/wp-json\/wp\/v2\/posts"}],"about":[{"href":"https:\/\/meier-gerdingh.de\/wp-spd-ob\/wp-json\/wp\/v2\/types\/post"}],"author":[{"embeddable":true,"href":"https:\/\/meier-gerdingh.de\/wp-spd-ob\/wp-json\/wp\/v2\/users\/1"}],"replies":[{"embeddable":true,"href":"https:\/\/meier-gerdingh.de\/wp-spd-ob\/wp-json\/wp\/v2\/comments?post=1110"}],"version-history":[{"count":0,"href":"https:\/\/meier-gerdingh.de\/wp-spd-ob\/wp-json\/wp\/v2\/posts\/1110\/revisions"}],"wp:attachment":[{"href":"https:\/\/meier-gerdingh.de\/wp-spd-ob\/wp-json\/wp\/v2\/media?parent=1110"}],"wp:term":[{"taxonomy":"category","embeddable":true,"href":"https:\/\/meier-gerdingh.de\/wp-spd-ob\/wp-json\/wp\/v2\/categories?post=1110"},{"taxonomy":"post_tag","embeddable":true,"href":"https:\/\/meier-gerdingh.de\/wp-spd-ob\/wp-json\/wp\/v2\/tags?post=1110"},{"taxonomy":"quellen","embeddable":true,"href":"https:\/\/meier-gerdingh.de\/wp-spd-ob\/wp-json\/wp\/v2\/quellen?post=1110"}],"curies":[{"name":"wp","href":"https:\/\/api.w.org\/{rel}","templated":true}]}}