{"id":11111,"date":"2023-12-13T11:42:14","date_gmt":"2023-12-13T10:42:14","guid":{"rendered":"https:\/\/meier-gerdingh.de\/wp-spd-ob\/?p=11111"},"modified":"2024-06-13T14:48:18","modified_gmt":"2024-06-13T12:48:18","slug":"mehrkosten-der-gerichtsvollzieher-fuer-die-einfuehrung-des-elektronischen-rechtsverkehrs-ausgleichen","status":"publish","type":"post","link":"https:\/\/meier-gerdingh.de\/wp-spd-ob\/2023\/12\/13\/mehrkosten-der-gerichtsvollzieher-fuer-die-einfuehrung-des-elektronischen-rechtsverkehrs-ausgleichen\/","title":{"rendered":"Mehrkosten der Gerichtsvollzieher f\u00fcr die Einf\u00fchrung des elektronischen Rechtsverkehrs ausgleichen"},"content":{"rendered":"<p><a href=\"https:\/\/meier-gerdingh.de\/wp-spd-ob\/wp-content\/uploads\/2023\/03\/banner-diese-woche-im-landtag-01.jpg\"><img decoding=\"async\" class=\"aligncenter size-full wp-image-10267\" src=\"https:\/\/meier-gerdingh.de\/wp-spd-ob\/wp-content\/uploads\/2023\/03\/banner-diese-woche-im-landtag-01.jpg\" alt=\"\" width=\"700\" height=\"258\" srcset=\"https:\/\/meier-gerdingh.de\/wp-spd-ob\/wp-content\/uploads\/2023\/03\/banner-diese-woche-im-landtag-01.jpg 700w, https:\/\/meier-gerdingh.de\/wp-spd-ob\/wp-content\/uploads\/2023\/03\/banner-diese-woche-im-landtag-01-300x111.jpg 300w\" sizes=\"(max-width: 700px) 100vw, 700px\" \/><\/a>&#8222;Gerichtsvollzieher nehmen wichtige Aufgaben f\u00fcr den Staat wahr. Sie machen diese Aufgabe weder ehrenamtlich, noch zu ihrem Privatvergn\u00fcgen, sondern f\u00fcr die Allgemeinheit. Die Einf\u00fchrung des elektronischen Rechtsverkehrs hat f\u00fcr die Gerichtsvollzieher gro\u00dfe Kosten verursacht. Es sollte selbstverst\u00e4ndlich sein, dass diese Kosten erstattet werden&#8220;, sagte die SPD-Rechtsexpertin Sonja Bongers im D\u00fcsseldorfer Landtag.<\/p>\n<p>Nun ist es leider immer noch so, dass sich die Verg\u00fctung ausschlie\u00dflich, nach \u00a7\u00a7 1, 2 der Verordnung \u00fcber die Verg\u00fctung der Gerichtsvollzieherinnen und Gerichtsvollzieher richtet. Sofern die Verg\u00fctung nicht ausk\u00f6mmlich sei, besteht die M\u00f6glichkeit eines H\u00e4rtefallantrags gem\u00e4\u00df \u00a7 5 GVVergVO. Bedeutet: Die Verg\u00fctung nach den oben genannten Vorschriften umfasst nicht (ausk\u00f6mmlich) die Kosten f\u00fcr die Einf\u00fchrung und nunmehr den Betrieb des elektronischen Rechtsverkehrs.<!--more--><\/p>\n<p>&#8222;Es ist ja klar. Bei der Einf\u00fchrung der Verg\u00fctungsordnung f\u00fcr Gerichtsvollzieher im Jahr 2014 waren diese Kosten noch nicht relevant und wurden somit nicht ber\u00fccksichtigt. Aber die Zeiten haben sich ge\u00e4ndert, die Technik schreitet voran und dem muss sich auch die Justiz stellen. Die Anschaffung notwendiger Ger\u00e4te, sowie der weitere Betrieb des elektronischen Rechtsverkehrs verursacht Mehrkosten und Mehraufwand, die von dieser Verg\u00fctung nicht gedeckt sind. Wir brauchen schnellstm\u00f6glich eine offizielle Evaluation, um die zu erstattenden Einmalkosten f\u00fcr die genannten Anschaffungen und B\u00fcroumstrukturierungen zu bemessen. Aber nicht nur das. Es muss auch noch gekl\u00e4rt werden wie hoch sind die nunmehr entstandenen Dauerkosten, um diese in eine neue Verg\u00fctungsregelung zu \u00fcbersetzen&#8220;, so Bongers.<\/p>\n","protected":false},"excerpt":{"rendered":"<p>&#8222;Gerichtsvollzieher nehmen wichtige Aufgaben f\u00fcr den Staat wahr. Sie machen diese Aufgabe weder ehrenamtlich, noch zu ihrem Privatvergn\u00fcgen, sondern f\u00fcr die Allgemeinheit. Die Einf\u00fchrung des elektronischen Rechtsverkehrs hat f\u00fcr die&hellip; <\/p>\n","protected":false},"author":1,"featured_media":0,"comment_status":"closed","ping_status":"closed","sticky":false,"template":"","format":"standard","meta":{"footnotes":""},"categories":[4120,216],"tags":[3856,2298,1760,2082],"quellen":[1317],"class_list":["post-11111","post","type-post","status-publish","format-standard","hentry","category-die-woche-im-landtag","category-land","tag-elektronischer-rechtsverkehr","tag-gerichtsvollzieher","tag-justiz","tag-nrw-justiz","quellen-mdl-sonja-bongers"],"_links":{"self":[{"href":"https:\/\/meier-gerdingh.de\/wp-spd-ob\/wp-json\/wp\/v2\/posts\/11111","targetHints":{"allow":["GET"]}}],"collection":[{"href":"https:\/\/meier-gerdingh.de\/wp-spd-ob\/wp-json\/wp\/v2\/posts"}],"about":[{"href":"https:\/\/meier-gerdingh.de\/wp-spd-ob\/wp-json\/wp\/v2\/types\/post"}],"author":[{"embeddable":true,"href":"https:\/\/meier-gerdingh.de\/wp-spd-ob\/wp-json\/wp\/v2\/users\/1"}],"replies":[{"embeddable":true,"href":"https:\/\/meier-gerdingh.de\/wp-spd-ob\/wp-json\/wp\/v2\/comments?post=11111"}],"version-history":[{"count":0,"href":"https:\/\/meier-gerdingh.de\/wp-spd-ob\/wp-json\/wp\/v2\/posts\/11111\/revisions"}],"wp:attachment":[{"href":"https:\/\/meier-gerdingh.de\/wp-spd-ob\/wp-json\/wp\/v2\/media?parent=11111"}],"wp:term":[{"taxonomy":"category","embeddable":true,"href":"https:\/\/meier-gerdingh.de\/wp-spd-ob\/wp-json\/wp\/v2\/categories?post=11111"},{"taxonomy":"post_tag","embeddable":true,"href":"https:\/\/meier-gerdingh.de\/wp-spd-ob\/wp-json\/wp\/v2\/tags?post=11111"},{"taxonomy":"quellen","embeddable":true,"href":"https:\/\/meier-gerdingh.de\/wp-spd-ob\/wp-json\/wp\/v2\/quellen?post=11111"}],"curies":[{"name":"wp","href":"https:\/\/api.w.org\/{rel}","templated":true}]}}