{"id":11112,"date":"2023-12-13T11:45:49","date_gmt":"2023-12-13T10:45:49","guid":{"rendered":"https:\/\/meier-gerdingh.de\/wp-spd-ob\/?p=11112"},"modified":"2024-06-13T14:48:02","modified_gmt":"2024-06-13T12:48:02","slug":"gute-schulen-brauchen-gute-schulleitungen","status":"publish","type":"post","link":"https:\/\/meier-gerdingh.de\/wp-spd-ob\/2023\/12\/13\/gute-schulen-brauchen-gute-schulleitungen\/","title":{"rendered":"Gute Schulen brauchen gute Schulleitungen"},"content":{"rendered":"<p><a href=\"https:\/\/meier-gerdingh.de\/wp-spd-ob\/wp-content\/uploads\/2023\/03\/banner-diese-woche-im-landtag-01.jpg\"><img decoding=\"async\" class=\"aligncenter size-full wp-image-10267\" src=\"https:\/\/meier-gerdingh.de\/wp-spd-ob\/wp-content\/uploads\/2023\/03\/banner-diese-woche-im-landtag-01.jpg\" alt=\"\" width=\"700\" height=\"258\" srcset=\"https:\/\/meier-gerdingh.de\/wp-spd-ob\/wp-content\/uploads\/2023\/03\/banner-diese-woche-im-landtag-01.jpg 700w, https:\/\/meier-gerdingh.de\/wp-spd-ob\/wp-content\/uploads\/2023\/03\/banner-diese-woche-im-landtag-01-300x111.jpg 300w\" sizes=\"(max-width: 700px) 100vw, 700px\" \/><\/a>&#8222;Unser Bildungssystem in NRW ist schon lange nicht mehr in der Lage, Chancengleichheit und soziale Gerechtigkeit f\u00fcr alle Kinder und Jugendlichen zu gew\u00e4hrleisten. Viertkl\u00e4sslerinnen und Viertkl\u00e4ssler, die nicht richtig lesen und schreiben k\u00f6nnen, 11.385 Schulabg\u00e4ngerinnen und Schulabg\u00e4nger im Jahr 2022 ohne Abschluss, dazu schlechte Ausbildungschancen von Haupt- und Realschulabsolventinnen sowie -absolventen zeigen deutlich, wie dringend der Handlungsbedarf in NRW ist&#8220;, sagte die SPD-Landtagsabgeordnete Sonja Bongers.<\/p>\n<p>In Zeiten dieser gro\u00dfen Herausforderungen beweisen viele Schulen mit ihren kreativen Impulsen und Innovationen, dass gute und zukunftsf\u00e4hige Bildung m\u00f6glich ist. Diese Schulen haben oft eins gemeinsam: mutige, innovative und professionell handelnde Schulleitungen. Ihnen kommt damit eine zentrale Bedeutung f\u00fcr die Qualit\u00e4t der gesamten schulischen Arbeit zu. Denn erfolgreiche Schulleitungen sind gute P\u00e4dagoginnen und P\u00e4dagogen sowie F\u00fchrungskr\u00e4fte zugleich.<!--more--><\/p>\n<p>In den letzten Jahren hat die Attraktivit\u00e4t des Berufsbilds der Schulleitungen jedoch deutlich abgenommen. Eine Vielzahl von Schulleitungsstellen an nordrhein-westf\u00e4lischen Schulen ist unbesetzt.<\/p>\n<p>&#8222;Wir brauchen mehr M\u00f6glichkeiten f\u00fcr die Schulen und eine deutliche finanzielle Aufwertung der Konrektorenstellen an Grundschulen. Zuk\u00fcnftig sollte sich die Besoldung von Schulleitungen nicht nach der Schulform, sondern nach der Gr\u00f6\u00dfe einer Schule richten, sodass eine gerechte und schulformunabh\u00e4ngige Besoldung von Schulleitungen und Stellvertretungen in einer einheitlichen Laufbahn nach A15(Z)\/A16 erfolgt&#8220;, sagte die SPD-Politikerin.<\/p>\n","protected":false},"excerpt":{"rendered":"<p>&#8222;Unser Bildungssystem in NRW ist schon lange nicht mehr in der Lage, Chancengleichheit und soziale Gerechtigkeit f\u00fcr alle Kinder und Jugendlichen zu gew\u00e4hrleisten. Viertkl\u00e4sslerinnen und Viertkl\u00e4ssler, die nicht richtig lesen&hellip; <\/p>\n","protected":false},"author":1,"featured_media":0,"comment_status":"closed","ping_status":"closed","sticky":false,"template":"","format":"standard","meta":{"footnotes":""},"categories":[231,4120,216,2],"tags":[3858,244,2793,3857],"quellen":[1317],"class_list":["post-11112","post","type-post","status-publish","format-standard","hentry","category-bildung","category-die-woche-im-landtag","category-land","category-schule","tag-besoldung-schulleitungen","tag-chancengleichheit","tag-schulleitungen","tag-schulleitungsstellen","quellen-mdl-sonja-bongers"],"_links":{"self":[{"href":"https:\/\/meier-gerdingh.de\/wp-spd-ob\/wp-json\/wp\/v2\/posts\/11112","targetHints":{"allow":["GET"]}}],"collection":[{"href":"https:\/\/meier-gerdingh.de\/wp-spd-ob\/wp-json\/wp\/v2\/posts"}],"about":[{"href":"https:\/\/meier-gerdingh.de\/wp-spd-ob\/wp-json\/wp\/v2\/types\/post"}],"author":[{"embeddable":true,"href":"https:\/\/meier-gerdingh.de\/wp-spd-ob\/wp-json\/wp\/v2\/users\/1"}],"replies":[{"embeddable":true,"href":"https:\/\/meier-gerdingh.de\/wp-spd-ob\/wp-json\/wp\/v2\/comments?post=11112"}],"version-history":[{"count":0,"href":"https:\/\/meier-gerdingh.de\/wp-spd-ob\/wp-json\/wp\/v2\/posts\/11112\/revisions"}],"wp:attachment":[{"href":"https:\/\/meier-gerdingh.de\/wp-spd-ob\/wp-json\/wp\/v2\/media?parent=11112"}],"wp:term":[{"taxonomy":"category","embeddable":true,"href":"https:\/\/meier-gerdingh.de\/wp-spd-ob\/wp-json\/wp\/v2\/categories?post=11112"},{"taxonomy":"post_tag","embeddable":true,"href":"https:\/\/meier-gerdingh.de\/wp-spd-ob\/wp-json\/wp\/v2\/tags?post=11112"},{"taxonomy":"quellen","embeddable":true,"href":"https:\/\/meier-gerdingh.de\/wp-spd-ob\/wp-json\/wp\/v2\/quellen?post=11112"}],"curies":[{"name":"wp","href":"https:\/\/api.w.org\/{rel}","templated":true}]}}