{"id":11113,"date":"2023-12-13T11:47:35","date_gmt":"2023-12-13T10:47:35","guid":{"rendered":"https:\/\/meier-gerdingh.de\/wp-spd-ob\/?p=11113"},"modified":"2024-06-13T14:47:51","modified_gmt":"2024-06-13T12:47:51","slug":"die-missstaende-in-der-justiz-sind-ueberall-sichtbar","status":"publish","type":"post","link":"https:\/\/meier-gerdingh.de\/wp-spd-ob\/2023\/12\/13\/die-missstaende-in-der-justiz-sind-ueberall-sichtbar\/","title":{"rendered":"Die Missst\u00e4nde in der Justiz sind \u00fcberall sichtbar"},"content":{"rendered":"<p><a href=\"https:\/\/meier-gerdingh.de\/wp-spd-ob\/wp-content\/uploads\/2023\/03\/banner-diese-woche-im-landtag-01.jpg\"><img decoding=\"async\" class=\"aligncenter size-full wp-image-10267\" src=\"https:\/\/meier-gerdingh.de\/wp-spd-ob\/wp-content\/uploads\/2023\/03\/banner-diese-woche-im-landtag-01.jpg\" alt=\"\" width=\"700\" height=\"258\" srcset=\"https:\/\/meier-gerdingh.de\/wp-spd-ob\/wp-content\/uploads\/2023\/03\/banner-diese-woche-im-landtag-01.jpg 700w, https:\/\/meier-gerdingh.de\/wp-spd-ob\/wp-content\/uploads\/2023\/03\/banner-diese-woche-im-landtag-01-300x111.jpg 300w\" sizes=\"(max-width: 700px) 100vw, 700px\" \/><\/a>Die Justiz in Nordrhein-Westfalen pfeift, wenn man es so salopp formulieren will, aus dem letzten Loch. &#8222;Unsere Justiz ist geschw\u00e4cht. So deutlich muss man es sagen. Mit Bericht vom 25. September 2023 berichtete der Minister der Justiz dem Rechtsausschuss, dass in Nordrhein-Westfalen 1.258 Stellen f\u00fcr Richterinnen und Richtern der ordentlichen Gerichtsbarkeit sowie Staatsanw\u00e4ltinnen und Staatsanw\u00e4lte unbesetzt sind. Dazu kommen noch die unbesetzten Stellen in der Justizverwaltung. Aus diesen Defiziten in der Justiz erw\u00e4chst eine Gefahr f\u00fcr den Rechtsstaat&#8220;, sagte die SPD-Rechtsexpertin Sonja Bongers.<!--more--><\/p>\n<p>&#8222;Wir brauchen eine vollumf\u00e4ngliche Justiz-Reform um den aufgezeigten Schw\u00e4chen entschieden entgegenzuwirken und somit den Rechtsstaat zu st\u00e4rken. Dazu z\u00e4hlen unter anderem neue Besoldungsmodelle, eine bessere technische Ausstattung und eine Novellierung der Referendarausbildung.<\/p>\n","protected":false},"excerpt":{"rendered":"<p>Die Justiz in Nordrhein-Westfalen pfeift, wenn man es so salopp formulieren will, aus dem letzten Loch. &#8222;Unsere Justiz ist geschw\u00e4cht. So deutlich muss man es sagen. Mit Bericht vom 25.&hellip; <\/p>\n","protected":false},"author":1,"featured_media":0,"comment_status":"closed","ping_status":"closed","sticky":false,"template":"","format":"standard","meta":{"footnotes":""},"categories":[4120,216],"tags":[1760,3859,2082,3026,3045,3849,3035],"quellen":[1317],"class_list":["post-11113","post","type-post","status-publish","format-standard","hentry","category-die-woche-im-landtag","category-land","tag-justiz","tag-justizverwaltung","tag-nrw-justiz","tag-nrw-justizminister","tag-personalmangel","tag-stellenvakanz","tag-unbesetzte-stellen","quellen-mdl-sonja-bongers"],"_links":{"self":[{"href":"https:\/\/meier-gerdingh.de\/wp-spd-ob\/wp-json\/wp\/v2\/posts\/11113","targetHints":{"allow":["GET"]}}],"collection":[{"href":"https:\/\/meier-gerdingh.de\/wp-spd-ob\/wp-json\/wp\/v2\/posts"}],"about":[{"href":"https:\/\/meier-gerdingh.de\/wp-spd-ob\/wp-json\/wp\/v2\/types\/post"}],"author":[{"embeddable":true,"href":"https:\/\/meier-gerdingh.de\/wp-spd-ob\/wp-json\/wp\/v2\/users\/1"}],"replies":[{"embeddable":true,"href":"https:\/\/meier-gerdingh.de\/wp-spd-ob\/wp-json\/wp\/v2\/comments?post=11113"}],"version-history":[{"count":0,"href":"https:\/\/meier-gerdingh.de\/wp-spd-ob\/wp-json\/wp\/v2\/posts\/11113\/revisions"}],"wp:attachment":[{"href":"https:\/\/meier-gerdingh.de\/wp-spd-ob\/wp-json\/wp\/v2\/media?parent=11113"}],"wp:term":[{"taxonomy":"category","embeddable":true,"href":"https:\/\/meier-gerdingh.de\/wp-spd-ob\/wp-json\/wp\/v2\/categories?post=11113"},{"taxonomy":"post_tag","embeddable":true,"href":"https:\/\/meier-gerdingh.de\/wp-spd-ob\/wp-json\/wp\/v2\/tags?post=11113"},{"taxonomy":"quellen","embeddable":true,"href":"https:\/\/meier-gerdingh.de\/wp-spd-ob\/wp-json\/wp\/v2\/quellen?post=11113"}],"curies":[{"name":"wp","href":"https:\/\/api.w.org\/{rel}","templated":true}]}}