{"id":1112,"date":"2014-01-20T17:00:00","date_gmt":"2014-01-20T15:00:00","guid":{"rendered":"http:\/\/www.meier-gerdingh.de\/spd-oberhausen\/wp\/?p=1112"},"modified":"2017-01-03T17:12:27","modified_gmt":"2017-01-03T16:12:27","slug":"spd-ortsverein-ost-geht-gut-aufgestellt-in-die-delegiertenkonferenz","status":"publish","type":"post","link":"https:\/\/meier-gerdingh.de\/wp-spd-ob\/2014\/01\/20\/spd-ortsverein-ost-geht-gut-aufgestellt-in-die-delegiertenkonferenz\/","title":{"rendered":"SPD-Ortsverein Ost geht gut aufgestellt in die Delegiertenkonferenz"},"content":{"rendered":"<div style=\"width: 150px\" class=\"wp-caption alignleft\"><a href=\"http:\/\/meier-gerdingh.de\/wp-spd-ob\/wp-content\/uploads\/pascheberg_rene_09.jpg\"><img decoding=\"async\" class=\"size-full\" src=\"http:\/\/meier-gerdingh.de\/wp-spd-ob\/wp-content\/uploads\/pascheberg_rene_09.jpg\" alt=\"Ren\u00e9 Pascheberg ist Vorsitzender des Ortsvereins Oberhausen-Ost und Mitglied des Rates der Stadt f\u00fcr den Wahlbezirk D\u00fcmpten\" width=\"140\" height=\"169\" \/><\/a><p class=\"wp-caption-text\">Ren\u00e9 Pascheberg ist Vorsitzender des Ortsvereins Oberhausen-Ost und Mitglied des Rates der Stadt f\u00fcr den Wahlbezirk D\u00fcmpten<\/p><\/div>\n<p>Gut ger\u00fcstet f\u00fcr die Kommunalwahl &#8211; auf seiner Mitgliederversammlung w\u00e4hlte der SPD-Ortsverein Ost Delegierte zu den Unterbezirksparteitagen der Oberhausener SPD und zur Delegiertenkonferenz zur Aufstellung der Kommunalwahlkandidatinnen und -kandidaten am 27. Januar. Bereits im Dezember 2013 hatte die SPD-Gliederung ihre zu entsendenden Kandidatinnen und Kandidaten f\u00fcr die Kommunalwahl nominiert.<!--more--><\/p>\n<p>Bei der jetzigen Versammlung stellte der stellvertretende Parteivorsitzende Bernd Elsemann au\u00dferdem den Entstehungsprozess des Kommunalwahlprogramms vor: &#8222;Zun\u00e4chst legen wir auf der Konferenz Ende Januar den Delegierten einen Entwurf zur Diskussion vor. Ab diesem Zeitpunkt haben die Mitglieder in den Gliederungen und Gremien die Gelegenheit Anregungen und Ideen einzubringen. Dar\u00fcber w\u00fcrden wir uns sehr freuen&#8220;, so Elsemann.<\/p>\n<p>Doch auch alle B\u00fcrgerinnen und B\u00fcrger und Vertreterinnen und Vertreter von Vereinen und Institutionen in der Stadt sind herzlich eingeladen, sich mit dem Programm auseinanderzusetzen und ihre Ideen einzubringen. Das kann unter anderem auf den geplanten <b>offenen B\u00fcrgerversammlungen in den drei Stadtteilzentren<\/b> geschehen.<\/p>\n<p>&#8222;Ich halte es f\u00fcr sehr gut, diesen Weg zu gehen. Jede und jeder kann seine konkreten Vorschl\u00e4ge \u00e4u\u00dfern und so daran mitwirken, dass unser Programm noch vielf\u00e4ltiger und fundierter die Lebenswirklichkeit in Oberhausen abbildet. Nicht sich nur beschweren, sondern mitgestalten &#8211; das ist die Parole&#8220;, so der Ortsvereinsvorsitzende Ren\u00e9 Pascheberg.<\/p>\n<p>Als <b>Delegierte zur Wahlkreisdelegiertenkonferenz am 27. Januar 2014<\/b> wurden gew\u00e4hlt:<\/p>\n<p>Marco Boksteen, J\u00f6rn Deri\u00dfen, Manuel Dr\u00f6hne, Anke Eisermann, Horst Fa\u00dfbender, Jesco Groschek, Michael Groschek, Roswitha Groschek, Walburga Grunauer, Corinna Hops, Maximilian Janetzki, Nicole Kenzer, Hartwig Kompa, Monika Kull, Sabrina Kull, Vanessa Kull, Frank Motschull, Friedhelm Pascheberg, Ren\u00e9 Pascheberg, Sven Pascheberg, Dorothee Radtke, Uwe Sch\u00e4fer, Uly Stroh, Marcel Tersteegen, Anika Vogel, Klaus Wehling, Andreas Werdelmann, Yannah Werner, Horst Wolter.<\/p>\n<p>Als <b>Delegierte zu den Parteitagen der SPD Oberhausen<\/b> wurden gew\u00e4hlt:<\/p>\n<p>Marco Boksteen, Magnus Dellwig, J\u00f6rn Deri\u00dfen, Manuel Dr\u00f6hne, Anke Eisermann, Horst Fa\u00dfbender, Jesco Groschek, Michael Groschek, Roswitha Groschek, Walburga Grunauer, Corinna Hops, Maximilian Janetzki, Nicole Kenzer, Hartwig Kompa, Monika Kull, Sabrina Kull, Vanessa Kull, Frank Motschull, Jennifer Nink, Friedhelm Pascheberg, Ren\u00e9 Pascheberg, Sven Pascheberg, Dorothee Radtke, Uwe Sch\u00e4fer, Uly Stroh, Marcel Tersteegen, Anika Vogel, Klaus Wehling, Andreas Werdelmann, Yannah Werner, Horst Wolter.<\/p>\n","protected":false},"excerpt":{"rendered":"<p>Gut ger\u00fcstet f\u00fcr die Kommunalwahl &#8211; auf seiner Mitgliederversammlung w\u00e4hlte der SPD-Ortsverein Ost Delegierte zu den Unterbezirksparteitagen der Oberhausener SPD und zur Delegiertenkonferenz zur Aufstellung der Kommunalwahlkandidatinnen und -kandidaten am&hellip; <\/p>\n","protected":false},"author":1,"featured_media":0,"comment_status":"closed","ping_status":"closed","sticky":false,"template":"","format":"standard","meta":{"footnotes":""},"categories":[178],"tags":[152,151,52,37],"quellen":[334],"class_list":["post-1112","post","type-post","status-publish","format-standard","hentry","category-wahlen","tag-delegiertenwahlen","tag-kommunalwahl","tag-kommunalwahl-2014","tag-ov-oberhausen-ost","quellen-ov-ost"],"_links":{"self":[{"href":"https:\/\/meier-gerdingh.de\/wp-spd-ob\/wp-json\/wp\/v2\/posts\/1112","targetHints":{"allow":["GET"]}}],"collection":[{"href":"https:\/\/meier-gerdingh.de\/wp-spd-ob\/wp-json\/wp\/v2\/posts"}],"about":[{"href":"https:\/\/meier-gerdingh.de\/wp-spd-ob\/wp-json\/wp\/v2\/types\/post"}],"author":[{"embeddable":true,"href":"https:\/\/meier-gerdingh.de\/wp-spd-ob\/wp-json\/wp\/v2\/users\/1"}],"replies":[{"embeddable":true,"href":"https:\/\/meier-gerdingh.de\/wp-spd-ob\/wp-json\/wp\/v2\/comments?post=1112"}],"version-history":[{"count":0,"href":"https:\/\/meier-gerdingh.de\/wp-spd-ob\/wp-json\/wp\/v2\/posts\/1112\/revisions"}],"wp:attachment":[{"href":"https:\/\/meier-gerdingh.de\/wp-spd-ob\/wp-json\/wp\/v2\/media?parent=1112"}],"wp:term":[{"taxonomy":"category","embeddable":true,"href":"https:\/\/meier-gerdingh.de\/wp-spd-ob\/wp-json\/wp\/v2\/categories?post=1112"},{"taxonomy":"post_tag","embeddable":true,"href":"https:\/\/meier-gerdingh.de\/wp-spd-ob\/wp-json\/wp\/v2\/tags?post=1112"},{"taxonomy":"quellen","embeddable":true,"href":"https:\/\/meier-gerdingh.de\/wp-spd-ob\/wp-json\/wp\/v2\/quellen?post=1112"}],"curies":[{"name":"wp","href":"https:\/\/api.w.org\/{rel}","templated":true}]}}