{"id":11120,"date":"2023-12-27T17:59:40","date_gmt":"2023-12-27T16:59:40","guid":{"rendered":"https:\/\/meier-gerdingh.de\/wp-spd-ob\/?p=11120"},"modified":"2023-12-27T17:59:40","modified_gmt":"2023-12-27T16:59:40","slug":"spd-in-alstaden-und-lirich-ehrt-jubilare","status":"publish","type":"post","link":"https:\/\/meier-gerdingh.de\/wp-spd-ob\/2023\/12\/27\/spd-in-alstaden-und-lirich-ehrt-jubilare\/","title":{"rendered":"SPD in Alstaden und Lirich ehrt Jubilare"},"content":{"rendered":"<div id=\"attachment_11116\" style=\"width: 710px\" class=\"wp-caption aligncenter\"><a href=\"https:\/\/meier-gerdingh.de\/wp-spd-ob\/wp-content\/uploads\/2023\/12\/ov-west-jubilarehrung-2023-gruppenfoto-lg.jpg\"><img aria-describedby=\"caption-attachment-11116\" decoding=\"async\" class=\"size-full wp-image-11116\" src=\"https:\/\/meier-gerdingh.de\/wp-spd-ob\/wp-content\/uploads\/2023\/12\/ov-west-jubilarehrung-2023-gruppenfoto.jpg\" alt=\"\" width=\"700\" height=\"450\" srcset=\"https:\/\/meier-gerdingh.de\/wp-spd-ob\/wp-content\/uploads\/2023\/12\/ov-west-jubilarehrung-2023-gruppenfoto.jpg 700w, https:\/\/meier-gerdingh.de\/wp-spd-ob\/wp-content\/uploads\/2023\/12\/ov-west-jubilarehrung-2023-gruppenfoto-300x193.jpg 300w\" sizes=\"(max-width: 700px) 100vw, 700px\" \/><\/a><p id=\"caption-attachment-11116\" class=\"wp-caption-text\">Gruppenbild mit Alt-Oberb\u00fcrgermeister Friedhelm van den Mond: Im festlichen Rahmen ehrte der Ortsverein Oberhausen-West kurz vor Weihnachten seine Jubilare f\u00fcr langj\u00e4hrige Mitgliedschaft.<\/p><\/div>\n<p>Im Rahmen der traditionellen Jahresabschlussfeier hat der SPD-Ortsverein Oberhausen-West Jubilarinnen und Jubilare f\u00fcr ihre 25, 40 und 50 Parteimitgliedschaft ausgezeichnet. Alt-Oberb\u00fcrgermeister Friedhelm van den Mond ist sogar bereits seit 60 Jahren Teil der SPD und erhielt vom Ortsvereinsvorsitzenden Alexis Heitmann die entsprechende goldene Ehrennadel der Partei.<\/p>\n<div id=\"attachment_11118\" style=\"width: 710px\" class=\"wp-caption aligncenter\"><a href=\"https:\/\/meier-gerdingh.de\/wp-spd-ob\/wp-content\/uploads\/2023\/12\/ov-west-jubilarehrung-2023-van-den-mond-lg.jpg\"><img aria-describedby=\"caption-attachment-11118\" decoding=\"async\" class=\"size-full wp-image-11118\" src=\"https:\/\/meier-gerdingh.de\/wp-spd-ob\/wp-content\/uploads\/2023\/12\/ov-west-jubilarehrung-2023-van-den-mond.jpg\" alt=\"\" width=\"700\" height=\"489\" srcset=\"https:\/\/meier-gerdingh.de\/wp-spd-ob\/wp-content\/uploads\/2023\/12\/ov-west-jubilarehrung-2023-van-den-mond.jpg 700w, https:\/\/meier-gerdingh.de\/wp-spd-ob\/wp-content\/uploads\/2023\/12\/ov-west-jubilarehrung-2023-van-den-mond-300x210.jpg 300w, https:\/\/meier-gerdingh.de\/wp-spd-ob\/wp-content\/uploads\/2023\/12\/ov-west-jubilarehrung-2023-van-den-mond-330x230.jpg 330w, https:\/\/meier-gerdingh.de\/wp-spd-ob\/wp-content\/uploads\/2023\/12\/ov-west-jubilarehrung-2023-van-den-mond-462x322.jpg 462w\" sizes=\"(max-width: 700px) 100vw, 700px\" \/><\/a><p id=\"caption-attachment-11118\" class=\"wp-caption-text\">Friedhelm van den Mond mit dem Ortsvereinsvorsitzenden Alexis Heitmann. Der Alt-Oberb\u00fcrgermeister kann in diesem Jahr auf 60 Jahre SPD-Mitgliedschaft zur\u00fcckblicken.<\/p><\/div>\n<p>In seiner Dankesrede unterstrich Friedhelm van den Mond die Bedeutung politischer Parteien und betonte hierbei vor allem die lokale Arbeit der Ortsvereine in den Stadtvierteln. Hier m\u00fcsse Politik ansprechbar sein f\u00fcr die Anliegen der B\u00fcrgerinnen und B\u00fcrger, was am Beispiel der SPD in Alstaden und Lirich seiner Wahrnehmung nach sehr gut gelinge, so van den Mond.<\/p>\n","protected":false},"excerpt":{"rendered":"<p>Im Rahmen der traditionellen Jahresabschlussfeier hat der SPD-Ortsverein Oberhausen-West Jubilarinnen und Jubilare f\u00fcr ihre 25, 40 und 50 Parteimitgliedschaft ausgezeichnet. Alt-Oberb\u00fcrgermeister Friedhelm van den Mond ist sogar bereits seit 60&hellip; <\/p>\n","protected":false},"author":1,"featured_media":0,"comment_status":"closed","ping_status":"closed","sticky":false,"template":"","format":"standard","meta":{"footnotes":""},"categories":[173],"tags":[134,465,261,183],"quellen":[335],"class_list":["post-11120","post","type-post","status-publish","format-standard","hentry","category-parteileben","tag-alstaden","tag-friedhelm-van-den-mond","tag-jubilarehrung","tag-lirich","quellen-ov-west"],"_links":{"self":[{"href":"https:\/\/meier-gerdingh.de\/wp-spd-ob\/wp-json\/wp\/v2\/posts\/11120","targetHints":{"allow":["GET"]}}],"collection":[{"href":"https:\/\/meier-gerdingh.de\/wp-spd-ob\/wp-json\/wp\/v2\/posts"}],"about":[{"href":"https:\/\/meier-gerdingh.de\/wp-spd-ob\/wp-json\/wp\/v2\/types\/post"}],"author":[{"embeddable":true,"href":"https:\/\/meier-gerdingh.de\/wp-spd-ob\/wp-json\/wp\/v2\/users\/1"}],"replies":[{"embeddable":true,"href":"https:\/\/meier-gerdingh.de\/wp-spd-ob\/wp-json\/wp\/v2\/comments?post=11120"}],"version-history":[{"count":0,"href":"https:\/\/meier-gerdingh.de\/wp-spd-ob\/wp-json\/wp\/v2\/posts\/11120\/revisions"}],"wp:attachment":[{"href":"https:\/\/meier-gerdingh.de\/wp-spd-ob\/wp-json\/wp\/v2\/media?parent=11120"}],"wp:term":[{"taxonomy":"category","embeddable":true,"href":"https:\/\/meier-gerdingh.de\/wp-spd-ob\/wp-json\/wp\/v2\/categories?post=11120"},{"taxonomy":"post_tag","embeddable":true,"href":"https:\/\/meier-gerdingh.de\/wp-spd-ob\/wp-json\/wp\/v2\/tags?post=11120"},{"taxonomy":"quellen","embeddable":true,"href":"https:\/\/meier-gerdingh.de\/wp-spd-ob\/wp-json\/wp\/v2\/quellen?post=11120"}],"curies":[{"name":"wp","href":"https:\/\/api.w.org\/{rel}","templated":true}]}}