{"id":1114,"date":"2014-01-23T17:00:00","date_gmt":"2014-01-23T15:00:00","guid":{"rendered":"http:\/\/www.meier-gerdingh.de\/spd-oberhausen\/wp\/?p=1114"},"modified":"2017-01-03T17:10:54","modified_gmt":"2017-01-03T16:10:54","slug":"spd-will-arbeit-der-integrationshelfer-ausweiten","status":"publish","type":"post","link":"https:\/\/meier-gerdingh.de\/wp-spd-ob\/2014\/01\/23\/spd-will-arbeit-der-integrationshelfer-ausweiten\/","title":{"rendered":"SPD will Arbeit der Integrationshelfer ausweiten"},"content":{"rendered":"<div style=\"width: 150px\" class=\"wp-caption alignleft\"><a href=\"http:\/\/meier-gerdingh.de\/wp-spd-ob\/wp-content\/uploads\/zimkeit_stefan_12.jpg\"><img decoding=\"async\" class=\"size-full\" src=\"http:\/\/meier-gerdingh.de\/wp-spd-ob\/wp-content\/uploads\/zimkeit_stefan_12.jpg\" alt=\"Stefan Zimkeit ist schulpolitischer Sprecher der SPD-Ratsfraktion und Mitglied des Landtags von Nordrhein-Westfalen\" width=\"140\" height=\"169\" \/><\/a><p class=\"wp-caption-text\">Stefan Zimkeit ist schulpolitischer Sprecher der SPD-Ratsfraktion und Mitglied des Landtags von Nordrhein-Westfalen<\/p><\/div>\n<p>&#8222;Die Oberhausener SPD hat niemals gefordert, dass Integrationshelfer nur bei einem Rechtsanspruch zur Verf\u00fcgung stehen sollen&#8220;, antwortet Stefan Zimkeit (SPD) auf eine unwahre Behauptung der CDU-Politikerin Simone-Tatjana Stehr. &#8222;Ganz im Gegenteil. Im Unterschied zur CDU hat die SPD in der Schulausschusssitzung die Praxis, Schulen mit zus\u00e4tzlichen Integrationshelfern zu unterst\u00fctzen, ausdr\u00fccklich gelobt. Bedauerlicherweise hat sich Frau Stehr im Ausschuss zum entsprechenden Bericht der Verwaltung gar nicht ge\u00e4u\u00dfert&#8220;, so Zimkeit.<!--more--><\/p>\n<p>In der Ausschusssitzung h\u00e4tte den Falschaussagen von Frau Stehr widersprochen werden k\u00f6nnen. Dort hat sie aber geschwiegen und sich stattdessen gegen\u00fcber Presse bewusst negativ ge\u00e4u\u00dfert. Das zeige, dass sich die CDU ihrer inhaltlichen Schw\u00e4che bewusst ist. &#8222;Wer sich seiner Argumente sicher ist, kann sich der \u00f6ffentlichen Diskussion im Schulausschuss stellen&#8220;, ist Zimkeit \u00fcberzeugt.<\/p>\n<p>&#8222;Die Inklusion behinderter Kinder ist eine Herausforderung, die uns alle angeht. Die Arbeit der Integrationshelfer ist dabei unverzichtbar, und sie wird in Zukunft sogar noch ausgebaut werden m\u00fcssen&#8220;, betont der schulpolitische Sprecher der SPD-Ratsfraktion. &#8222;Es w\u00e4re sch\u00f6n, wenn alle Ratsfraktionen bei diesem Thema an einem Strang ziehen und auch die CDU die positive Entwicklung bei den Integrationshelfern gelobt h\u00e4tte&#8220;, so Stefan Zimkeit. Dies widerspr\u00e4che aber der ideologischen Linie der CDU, in Oberhausen alles schlecht zu reden.<\/p>\n<p>Im Gegensatz zu anderen St\u00e4dten habe in Oberhausen die T\u00e4tigkeit der Integrationshelfer in keinem Fall von den Eltern eingeklagt werden m\u00fcssen. Er werde die Stadtverwaltung weiterhin darin best\u00e4rken, die Schulen bei ihrer anspruchsvollen Arbeit zu unterst\u00fctzen, k\u00fcndigt der SPD-Bildungspolitiker an. F\u00fcr seine Partei gehe es beim Thema Inklusion um Chancengleichheit f\u00fcr alle Kinder.<\/p>\n","protected":false},"excerpt":{"rendered":"<p>&#8222;Die Oberhausener SPD hat niemals gefordert, dass Integrationshelfer nur bei einem Rechtsanspruch zur Verf\u00fcgung stehen sollen&#8220;, antwortet Stefan Zimkeit (SPD) auf eine unwahre Behauptung der CDU-Politikerin Simone-Tatjana Stehr. &#8222;Ganz im&hellip; <\/p>\n","protected":false},"author":1,"featured_media":0,"comment_status":"closed","ping_status":"closed","sticky":false,"template":"","format":"standard","meta":{"footnotes":""},"categories":[61,2],"tags":[455,148,147,448],"quellen":[326],"class_list":["post-1114","post","type-post","status-publish","format-standard","hentry","category-integration","category-schule","tag-integration","tag-integrationshelfer","tag-schulausschuss","tag-schule","quellen-spd-fraktion-oberhausen"],"_links":{"self":[{"href":"https:\/\/meier-gerdingh.de\/wp-spd-ob\/wp-json\/wp\/v2\/posts\/1114","targetHints":{"allow":["GET"]}}],"collection":[{"href":"https:\/\/meier-gerdingh.de\/wp-spd-ob\/wp-json\/wp\/v2\/posts"}],"about":[{"href":"https:\/\/meier-gerdingh.de\/wp-spd-ob\/wp-json\/wp\/v2\/types\/post"}],"author":[{"embeddable":true,"href":"https:\/\/meier-gerdingh.de\/wp-spd-ob\/wp-json\/wp\/v2\/users\/1"}],"replies":[{"embeddable":true,"href":"https:\/\/meier-gerdingh.de\/wp-spd-ob\/wp-json\/wp\/v2\/comments?post=1114"}],"version-history":[{"count":0,"href":"https:\/\/meier-gerdingh.de\/wp-spd-ob\/wp-json\/wp\/v2\/posts\/1114\/revisions"}],"wp:attachment":[{"href":"https:\/\/meier-gerdingh.de\/wp-spd-ob\/wp-json\/wp\/v2\/media?parent=1114"}],"wp:term":[{"taxonomy":"category","embeddable":true,"href":"https:\/\/meier-gerdingh.de\/wp-spd-ob\/wp-json\/wp\/v2\/categories?post=1114"},{"taxonomy":"post_tag","embeddable":true,"href":"https:\/\/meier-gerdingh.de\/wp-spd-ob\/wp-json\/wp\/v2\/tags?post=1114"},{"taxonomy":"quellen","embeddable":true,"href":"https:\/\/meier-gerdingh.de\/wp-spd-ob\/wp-json\/wp\/v2\/quellen?post=1114"}],"curies":[{"name":"wp","href":"https:\/\/api.w.org\/{rel}","templated":true}]}}