{"id":11140,"date":"2024-01-11T18:02:53","date_gmt":"2024-01-11T17:02:53","guid":{"rendered":"https:\/\/meier-gerdingh.de\/wp-spd-ob\/?p=11140"},"modified":"2024-01-17T18:06:43","modified_gmt":"2024-01-17T17:06:43","slug":"eckpunkte-einer-gerechten-haushaltspolitik-fuer-alle-generationen","status":"publish","type":"post","link":"https:\/\/meier-gerdingh.de\/wp-spd-ob\/2024\/01\/11\/eckpunkte-einer-gerechten-haushaltspolitik-fuer-alle-generationen\/","title":{"rendered":"Eckpunkte einer gerechten Haushaltspolitik. F\u00fcr alle Generationen."},"content":{"rendered":"<p><a href=\"https:\/\/meier-gerdingh.de\/wp-spd-ob\/wp-content\/uploads\/2024\/01\/spd-bt-fraktion-position-24-01-scchuldenbremse.png\"><img decoding=\"async\" class=\"aligncenter size-full wp-image-11138\" src=\"https:\/\/meier-gerdingh.de\/wp-spd-ob\/wp-content\/uploads\/2024\/01\/spd-bt-fraktion-position-24-01-scchuldenbremse.png\" alt=\"\" width=\"700\" height=\"875\" srcset=\"https:\/\/meier-gerdingh.de\/wp-spd-ob\/wp-content\/uploads\/2024\/01\/spd-bt-fraktion-position-24-01-scchuldenbremse.png 700w, https:\/\/meier-gerdingh.de\/wp-spd-ob\/wp-content\/uploads\/2024\/01\/spd-bt-fraktion-position-24-01-scchuldenbremse-240x300.png 240w\" sizes=\"(max-width: 700px) 100vw, 700px\" \/><\/a>Wir wollen den Impuls des Bundesparteitages der SPD vom Dezember 2023 aufgreifen und darauf aufbauend einen Prozess starten, um Eckpunkte f\u00fcr einen neuen haushaltspolitischen Zukunftsdeal f\u00fcr unser Land zu erarbeiten.<\/p>\n<p>Dazu geh\u00f6rt auch, die Schuldenregeln zu reformieren. Denn die Schuldenbremse in ihrer jetzigen Form ist schlicht nicht mehr zeitgem\u00e4\u00df. Ihre derzeit starren Regeln sind ein Wohlstandsrisiko f\u00fcr jetzige und kommende Generationen, indem sie nicht gen\u00fcgend Spielr\u00e4ume f\u00fcr starke Zukunftsinvestitionen erm\u00f6glichen.<\/p>\n<p><a href=\"https:\/\/meier-gerdingh.de\/wp-spd-ob\/wp-content\/uploads\/2024\/01\/spd-bt-fraktion-position-24-01-haushalt.png\"><img decoding=\"async\" class=\"aligncenter size-full wp-image-11136\" src=\"https:\/\/meier-gerdingh.de\/wp-spd-ob\/wp-content\/uploads\/2024\/01\/spd-bt-fraktion-position-24-01-haushalt.png\" alt=\"\" width=\"700\" height=\"875\" srcset=\"https:\/\/meier-gerdingh.de\/wp-spd-ob\/wp-content\/uploads\/2024\/01\/spd-bt-fraktion-position-24-01-haushalt.png 700w, https:\/\/meier-gerdingh.de\/wp-spd-ob\/wp-content\/uploads\/2024\/01\/spd-bt-fraktion-position-24-01-haushalt-240x300.png 240w\" sizes=\"(max-width: 700px) 100vw, 700px\" \/><\/a>Unser Ziel ist es, eine verantwortliche Haushaltspolitik in der Gegenwart mit einer generationen\u00fcbergreifenden solidarischen Finanzierung der gro\u00dfen Zukunftsaufgaben zu verbinden. Eine starke und sichere Zukunft f\u00fcr uns alle!<\/p>\n<p><a href=\"https:\/\/meier-gerdingh.de\/wp-spd-ob\/wp-content\/uploads\/2024\/01\/position-eckpunkte-gerechte-haushaltspolitik.pdf\">Positionspapier<\/a> der SPD-Bundestagsfraktion:<\/p>\n\n","protected":false},"excerpt":{"rendered":"<p>Wir wollen den Impuls des Bundesparteitages der SPD vom Dezember 2023 aufgreifen und darauf aufbauend einen Prozess starten, um Eckpunkte f\u00fcr einen neuen haushaltspolitischen Zukunftsdeal f\u00fcr unser Land zu erarbeiten.&hellip; <\/p>\n","protected":false},"author":1,"featured_media":0,"comment_status":"closed","ping_status":"closed","sticky":false,"template":"","format":"standard","meta":{"footnotes":""},"categories":[180,98],"tags":[3866,3843,3865,60,1027],"quellen":[330],"class_list":["post-11140","post","type-post","status-publish","format-standard","hentry","category-bund","category-finanzen","tag-generationengerechtigkeit","tag-haushalt-2024","tag-haushaltspolitik","tag-schuldenbremse","tag-zukunftsinvestitionen","quellen-mdb-dirk-voepel"],"_links":{"self":[{"href":"https:\/\/meier-gerdingh.de\/wp-spd-ob\/wp-json\/wp\/v2\/posts\/11140","targetHints":{"allow":["GET"]}}],"collection":[{"href":"https:\/\/meier-gerdingh.de\/wp-spd-ob\/wp-json\/wp\/v2\/posts"}],"about":[{"href":"https:\/\/meier-gerdingh.de\/wp-spd-ob\/wp-json\/wp\/v2\/types\/post"}],"author":[{"embeddable":true,"href":"https:\/\/meier-gerdingh.de\/wp-spd-ob\/wp-json\/wp\/v2\/users\/1"}],"replies":[{"embeddable":true,"href":"https:\/\/meier-gerdingh.de\/wp-spd-ob\/wp-json\/wp\/v2\/comments?post=11140"}],"version-history":[{"count":0,"href":"https:\/\/meier-gerdingh.de\/wp-spd-ob\/wp-json\/wp\/v2\/posts\/11140\/revisions"}],"wp:attachment":[{"href":"https:\/\/meier-gerdingh.de\/wp-spd-ob\/wp-json\/wp\/v2\/media?parent=11140"}],"wp:term":[{"taxonomy":"category","embeddable":true,"href":"https:\/\/meier-gerdingh.de\/wp-spd-ob\/wp-json\/wp\/v2\/categories?post=11140"},{"taxonomy":"post_tag","embeddable":true,"href":"https:\/\/meier-gerdingh.de\/wp-spd-ob\/wp-json\/wp\/v2\/tags?post=11140"},{"taxonomy":"quellen","embeddable":true,"href":"https:\/\/meier-gerdingh.de\/wp-spd-ob\/wp-json\/wp\/v2\/quellen?post=11140"}],"curies":[{"name":"wp","href":"https:\/\/api.w.org\/{rel}","templated":true}]}}