{"id":11141,"date":"2024-01-11T17:06:53","date_gmt":"2024-01-11T16:06:53","guid":{"rendered":"https:\/\/meier-gerdingh.de\/wp-spd-ob\/?p=11141"},"modified":"2024-01-17T18:09:41","modified_gmt":"2024-01-17T17:09:41","slug":"europaeische-herausforderungen-der-innen-und-rechtspolitik","status":"publish","type":"post","link":"https:\/\/meier-gerdingh.de\/wp-spd-ob\/2024\/01\/11\/europaeische-herausforderungen-der-innen-und-rechtspolitik\/","title":{"rendered":"Europ\u00e4ische Herausforderungen der Innen- und Rechtspolitik"},"content":{"rendered":"<p><a href=\"https:\/\/meier-gerdingh.de\/wp-spd-ob\/wp-content\/uploads\/2024\/01\/spd-bt-fraktion-position-24-01-migration.png\"><img decoding=\"async\" class=\"aligncenter size-full wp-image-11137\" src=\"https:\/\/meier-gerdingh.de\/wp-spd-ob\/wp-content\/uploads\/2024\/01\/spd-bt-fraktion-position-24-01-migration.png\" alt=\"\" width=\"700\" height=\"875\" srcset=\"https:\/\/meier-gerdingh.de\/wp-spd-ob\/wp-content\/uploads\/2024\/01\/spd-bt-fraktion-position-24-01-migration.png 700w, https:\/\/meier-gerdingh.de\/wp-spd-ob\/wp-content\/uploads\/2024\/01\/spd-bt-fraktion-position-24-01-migration-240x300.png 240w\" sizes=\"(max-width: 700px) 100vw, 700px\" \/><\/a>Europa w\u00e4chst weiter zusammen. Das ist gut so. Denn auch in Zukunft k\u00f6nnen wir den Herausforderungen &#8211; wie die Steuerung von Migration und die Gew\u00e4hrleistung von innerer Sicherheit &#8211; nur gemeinsam in europ\u00e4ischer Zusammenarbeit begegnen.<\/p>\n<p>Wir als SPD-Bundestagsfraktion wollen das Europ\u00e4ische Asylsystem nicht nur ordnen und Migration besser steuern, sondern vor allem dabei Humanit\u00e4t bewahren. Und wir wollen das nicht nur auf kurze Sicht tun, sondern unsere Kommunen bei der Bew\u00e4ltigung der vielf\u00e4ltigen Aufgaben unterst\u00fctzen und so Perspektiven schaffen!<\/p>\n<p>Wir wollen den europ\u00e4ischen Rechtsraum sowie die europ\u00e4ische Sicherheitsarchitektur st\u00e4rken und gemeinsam Organisierte Kriminalit\u00e4t in Europa wirksam bek\u00e4mpfen.<\/p>\n<p><a href=\"https:\/\/meier-gerdingh.de\/wp-spd-ob\/wp-content\/uploads\/2024\/01\/position-europaeische-herausforderungen-innen-rechtspolitik.pdf\">Positionspapier<\/a> der SPD-Bundestagsfraktion:<\/p>\n\n","protected":false},"excerpt":{"rendered":"<p>Europa w\u00e4chst weiter zusammen. Das ist gut so. Denn auch in Zukunft k\u00f6nnen wir den Herausforderungen &#8211; wie die Steuerung von Migration und die Gew\u00e4hrleistung von innerer Sicherheit &#8211; nur&hellip; <\/p>\n","protected":false},"author":1,"featured_media":0,"comment_status":"closed","ping_status":"closed","sticky":false,"template":"","format":"standard","meta":{"footnotes":""},"categories":[180,181],"tags":[3869,663,3868,3867,3861],"quellen":[330],"class_list":["post-11141","post","type-post","status-publish","format-standard","hentry","category-bund","category-europa","tag-asylrecht","tag-europa","tag-europaeisches-asylsystem","tag-migration","tag-organisierte-kriminalitaet","quellen-mdb-dirk-voepel"],"_links":{"self":[{"href":"https:\/\/meier-gerdingh.de\/wp-spd-ob\/wp-json\/wp\/v2\/posts\/11141","targetHints":{"allow":["GET"]}}],"collection":[{"href":"https:\/\/meier-gerdingh.de\/wp-spd-ob\/wp-json\/wp\/v2\/posts"}],"about":[{"href":"https:\/\/meier-gerdingh.de\/wp-spd-ob\/wp-json\/wp\/v2\/types\/post"}],"author":[{"embeddable":true,"href":"https:\/\/meier-gerdingh.de\/wp-spd-ob\/wp-json\/wp\/v2\/users\/1"}],"replies":[{"embeddable":true,"href":"https:\/\/meier-gerdingh.de\/wp-spd-ob\/wp-json\/wp\/v2\/comments?post=11141"}],"version-history":[{"count":0,"href":"https:\/\/meier-gerdingh.de\/wp-spd-ob\/wp-json\/wp\/v2\/posts\/11141\/revisions"}],"wp:attachment":[{"href":"https:\/\/meier-gerdingh.de\/wp-spd-ob\/wp-json\/wp\/v2\/media?parent=11141"}],"wp:term":[{"taxonomy":"category","embeddable":true,"href":"https:\/\/meier-gerdingh.de\/wp-spd-ob\/wp-json\/wp\/v2\/categories?post=11141"},{"taxonomy":"post_tag","embeddable":true,"href":"https:\/\/meier-gerdingh.de\/wp-spd-ob\/wp-json\/wp\/v2\/tags?post=11141"},{"taxonomy":"quellen","embeddable":true,"href":"https:\/\/meier-gerdingh.de\/wp-spd-ob\/wp-json\/wp\/v2\/quellen?post=11141"}],"curies":[{"name":"wp","href":"https:\/\/api.w.org\/{rel}","templated":true}]}}