{"id":11143,"date":"2024-01-12T18:13:04","date_gmt":"2024-01-12T17:13:04","guid":{"rendered":"https:\/\/meier-gerdingh.de\/wp-spd-ob\/?p=11143"},"modified":"2024-01-17T18:15:42","modified_gmt":"2024-01-17T17:15:42","slug":"die-richtige-antwort-ein-starkes-europa","status":"publish","type":"post","link":"https:\/\/meier-gerdingh.de\/wp-spd-ob\/2024\/01\/12\/die-richtige-antwort-ein-starkes-europa\/","title":{"rendered":"Die richtige Antwort: ein starkes Europa"},"content":{"rendered":"<p><a href=\"https:\/\/meier-gerdingh.de\/wp-spd-ob\/wp-content\/uploads\/2024\/01\/spd-bt-fraktion-position-24-01-europa.png\"><img decoding=\"async\" class=\"aligncenter size-full wp-image-11135\" src=\"https:\/\/meier-gerdingh.de\/wp-spd-ob\/wp-content\/uploads\/2024\/01\/spd-bt-fraktion-position-24-01-europa.png\" alt=\"\" width=\"700\" height=\"875\" srcset=\"https:\/\/meier-gerdingh.de\/wp-spd-ob\/wp-content\/uploads\/2024\/01\/spd-bt-fraktion-position-24-01-europa.png 700w, https:\/\/meier-gerdingh.de\/wp-spd-ob\/wp-content\/uploads\/2024\/01\/spd-bt-fraktion-position-24-01-europa-240x300.png 240w\" sizes=\"(max-width: 700px) 100vw, 700px\" \/><\/a>Die Europ\u00e4ische Union befindet sich inmitten einer beispiellosen Bew\u00e4hrungsprobe.<\/p>\n<p>Die Krisen und Herausforderungen der vergangenen Jahre haben die EU und ihre Mitgliedstaaten massiv gefordert. Es ist ein Verdienst der europ\u00e4ischen Sozialdemokratie, dass es gelungen ist, den europ\u00e4ischen Zusammenhalt in dieser Zeit zu sichern und zu st\u00e4rken.<br \/>\nDiesen Zusammenhalt weiterhin zu st\u00e4rken &#8211; das ist unser Ziel!<\/p>\n<p><a href=\"https:\/\/meier-gerdingh.de\/wp-spd-ob\/wp-content\/uploads\/2024\/01\/position-starkes-europa.pdf\">Positionspapier<\/a> der SPD-Bundestagsfraktion:<\/p>\n\n","protected":false},"excerpt":{"rendered":"<p>Die Europ\u00e4ische Union befindet sich inmitten einer beispiellosen Bew\u00e4hrungsprobe. Die Krisen und Herausforderungen der vergangenen Jahre haben die EU und ihre Mitgliedstaaten massiv gefordert. Es ist ein Verdienst der europ\u00e4ischen&hellip; <\/p>\n","protected":false},"author":1,"featured_media":0,"comment_status":"closed","ping_status":"closed","sticky":false,"template":"","format":"standard","meta":{"footnotes":""},"categories":[180,181],"tags":[663,1864,3870],"quellen":[330],"class_list":["post-11143","post","type-post","status-publish","format-standard","hentry","category-bund","category-europa","tag-europa","tag-europaeische-union","tag-europawahl-2024","quellen-mdb-dirk-voepel"],"_links":{"self":[{"href":"https:\/\/meier-gerdingh.de\/wp-spd-ob\/wp-json\/wp\/v2\/posts\/11143","targetHints":{"allow":["GET"]}}],"collection":[{"href":"https:\/\/meier-gerdingh.de\/wp-spd-ob\/wp-json\/wp\/v2\/posts"}],"about":[{"href":"https:\/\/meier-gerdingh.de\/wp-spd-ob\/wp-json\/wp\/v2\/types\/post"}],"author":[{"embeddable":true,"href":"https:\/\/meier-gerdingh.de\/wp-spd-ob\/wp-json\/wp\/v2\/users\/1"}],"replies":[{"embeddable":true,"href":"https:\/\/meier-gerdingh.de\/wp-spd-ob\/wp-json\/wp\/v2\/comments?post=11143"}],"version-history":[{"count":0,"href":"https:\/\/meier-gerdingh.de\/wp-spd-ob\/wp-json\/wp\/v2\/posts\/11143\/revisions"}],"wp:attachment":[{"href":"https:\/\/meier-gerdingh.de\/wp-spd-ob\/wp-json\/wp\/v2\/media?parent=11143"}],"wp:term":[{"taxonomy":"category","embeddable":true,"href":"https:\/\/meier-gerdingh.de\/wp-spd-ob\/wp-json\/wp\/v2\/categories?post=11143"},{"taxonomy":"post_tag","embeddable":true,"href":"https:\/\/meier-gerdingh.de\/wp-spd-ob\/wp-json\/wp\/v2\/tags?post=11143"},{"taxonomy":"quellen","embeddable":true,"href":"https:\/\/meier-gerdingh.de\/wp-spd-ob\/wp-json\/wp\/v2\/quellen?post=11143"}],"curies":[{"name":"wp","href":"https:\/\/api.w.org\/{rel}","templated":true}]}}