{"id":1115,"date":"2014-01-29T17:00:00","date_gmt":"2014-01-29T15:00:00","guid":{"rendered":"http:\/\/www.meier-gerdingh.de\/spd-oberhausen\/wp\/?p=1115"},"modified":"2017-01-03T17:10:39","modified_gmt":"2017-01-03T16:10:39","slug":"zimkeit-bleibt-stellvertretender-finanzpolitischer-sprecher","status":"publish","type":"post","link":"https:\/\/meier-gerdingh.de\/wp-spd-ob\/2014\/01\/29\/zimkeit-bleibt-stellvertretender-finanzpolitischer-sprecher\/","title":{"rendered":"Zimkeit bleibt stellvertretender finanzpolitischer Sprecher"},"content":{"rendered":"<div style=\"width: 150px\" class=\"wp-caption alignleft\"><a href=\"http:\/\/meier-gerdingh.de\/wp-spd-ob\/wp-content\/uploads\/zimkeit_stefan_12.jpg\"><img decoding=\"async\" class=\"size-full\" src=\"http:\/\/meier-gerdingh.de\/wp-spd-ob\/wp-content\/uploads\/zimkeit_stefan_12.jpg\" alt=\"Stefan Zimkeit ist Mitglied des Landtags von Nordrhein-Westfalen\" width=\"140\" height=\"169\" \/><\/a><p class=\"wp-caption-text\">Stefan Zimkeit ist Mitglied des Landtags von Nordrhein-Westfalen<\/p><\/div>\n<p>Stefan Zimkeit bleibt stellvertretender haushalts- und finanzpolitischer Sprecher der SPD-Landtagsfraktion. Bei der turnusm\u00e4\u00dfigen Wahl wurde er einstimmig in diesem Amt best\u00e4tigt. &#8222;Wir m\u00fcssen den Weg der Senkung der Neuverschuldung weiter gehen und gleichzeitig in Bildung, Kinder und Kommunen investieren&#8220;, sagt Zimkeit. &#8222;Das ist ein schwieriger Balanceakt.&#8220; F\u00fcr die finanzschwachen St\u00e4dte habe die rot-gr\u00fcne Landtagskoalition bereits eine Reihe von Verbesserungen erreicht. &#8222;Jetzt muss der Bund seinen Beitrag leisten. Die im Berliner Koalitionsvertrag verankerten f\u00fcnf Milliarden Euro, die den Kommunen zu Gute kommen sollen, m\u00fcssen m\u00f6glichst schnell kommen&#8220;, fordert Dinslakens Landtagsabgeordneter.<!--more--><\/p>\n<p>Zimkeit bedauert, dass die CDU\/CSU eine solide Finanzierung der von der Gro\u00dfen Koalition vereinbarten Ma\u00dfnahmen blockiert habe. &#8222;Steuererh\u00f6hungen d\u00fcrfen kein Tabu sein&#8220;, h\u00e4lt er sowohl die Erh\u00f6hung des Spitzensteuersatzes als auch die Wiedereinf\u00fchrung der Verm\u00f6genssteuer f\u00fcr m\u00f6glich. &#8222;Das ist auch eine Frage der sozialen Gerechtigkeit.&#8220;<\/p>\n<p>Stefan Zimkeit wurde auch zum SPD-Sprecher f\u00fcr die Beteiligungen des Landes wiedergew\u00e4hlt, wozu unter anderem Stra\u00dfen.NRW, der Bau- und Liegenschafts- sowie der IT-Betrieb geh\u00f6ren. Dort gehe es darum, von Leiharbeitern besetzte Stellen durch feste Besch\u00e4ftigungsverh\u00e4ltnisse zu ersetzen. &#8222;Wir reden nicht nur von &#8218;guter Arbeit&#8216;, sondern wir handeln, wo wir zust\u00e4ndig sind&#8220;, unterstreicht Zimkeit.<\/p>\n","protected":false},"excerpt":{"rendered":"<p>Stefan Zimkeit bleibt stellvertretender haushalts- und finanzpolitischer Sprecher der SPD-Landtagsfraktion. Bei der turnusm\u00e4\u00dfigen Wahl wurde er einstimmig in diesem Amt best\u00e4tigt. &#8222;Wir m\u00fcssen den Weg der Senkung der Neuverschuldung weiter&hellip; <\/p>\n","protected":false},"author":1,"featured_media":0,"comment_status":"closed","ping_status":"closed","sticky":false,"template":"","format":"standard","meta":{"footnotes":""},"categories":[216],"tags":[14,273],"quellen":[331],"class_list":["post-1115","post","type-post","status-publish","format-standard","hentry","category-land","tag-kommunalfinanzen","tag-spd-landtagsfraktion-nrw","quellen-mdl-stefan-zimkeit"],"_links":{"self":[{"href":"https:\/\/meier-gerdingh.de\/wp-spd-ob\/wp-json\/wp\/v2\/posts\/1115","targetHints":{"allow":["GET"]}}],"collection":[{"href":"https:\/\/meier-gerdingh.de\/wp-spd-ob\/wp-json\/wp\/v2\/posts"}],"about":[{"href":"https:\/\/meier-gerdingh.de\/wp-spd-ob\/wp-json\/wp\/v2\/types\/post"}],"author":[{"embeddable":true,"href":"https:\/\/meier-gerdingh.de\/wp-spd-ob\/wp-json\/wp\/v2\/users\/1"}],"replies":[{"embeddable":true,"href":"https:\/\/meier-gerdingh.de\/wp-spd-ob\/wp-json\/wp\/v2\/comments?post=1115"}],"version-history":[{"count":0,"href":"https:\/\/meier-gerdingh.de\/wp-spd-ob\/wp-json\/wp\/v2\/posts\/1115\/revisions"}],"wp:attachment":[{"href":"https:\/\/meier-gerdingh.de\/wp-spd-ob\/wp-json\/wp\/v2\/media?parent=1115"}],"wp:term":[{"taxonomy":"category","embeddable":true,"href":"https:\/\/meier-gerdingh.de\/wp-spd-ob\/wp-json\/wp\/v2\/categories?post=1115"},{"taxonomy":"post_tag","embeddable":true,"href":"https:\/\/meier-gerdingh.de\/wp-spd-ob\/wp-json\/wp\/v2\/tags?post=1115"},{"taxonomy":"quellen","embeddable":true,"href":"https:\/\/meier-gerdingh.de\/wp-spd-ob\/wp-json\/wp\/v2\/quellen?post=1115"}],"curies":[{"name":"wp","href":"https:\/\/api.w.org\/{rel}","templated":true}]}}