{"id":11158,"date":"2024-01-19T14:55:13","date_gmt":"2024-01-19T13:55:13","guid":{"rendered":"https:\/\/meier-gerdingh.de\/wp-spd-ob\/?p=11158"},"modified":"2024-01-19T14:58:22","modified_gmt":"2024-01-19T13:58:22","slug":"spd-schlaegt-staffelung-vor","status":"publish","type":"post","link":"https:\/\/meier-gerdingh.de\/wp-spd-ob\/2024\/01\/19\/spd-schlaegt-staffelung-vor\/","title":{"rendered":"SPD schl\u00e4gt Staffelung vor"},"content":{"rendered":"<p><div id=\"attachment_8012\" style=\"width: 190px\" class=\"wp-caption alignleft\"><a href=\"https:\/\/meier-gerdingh.de\/wp-spd-ob\/wp-content\/uploads\/2021\/02\/krey-thomas-2020-lg.jpg\"><img aria-describedby=\"caption-attachment-8012\" decoding=\"async\" src=\"https:\/\/meier-gerdingh.de\/wp-spd-ob\/wp-content\/uploads\/2021\/02\/krey-thomas-2020.jpg\" alt=\"\" width=\"180\" height=\"180\" class=\"size-full wp-image-8012\" srcset=\"https:\/\/meier-gerdingh.de\/wp-spd-ob\/wp-content\/uploads\/2021\/02\/krey-thomas-2020.jpg 180w, https:\/\/meier-gerdingh.de\/wp-spd-ob\/wp-content\/uploads\/2021\/02\/krey-thomas-2020-150x150.jpg 150w\" sizes=\"(max-width: 180px) 100vw, 180px\" \/><\/a><p id=\"caption-attachment-8012\" class=\"wp-caption-text\">Thomas Krey ist Bezirksb\u00fcrgermeister von Osterfeld und Mitglied des Rates der Stadt<\/p><\/div>In der j\u00fcngsten Sitzung des Schulausschusses diskutierte die Politik \u00fcber die H\u00f6he der Elternbeitr\u00e4ge im Rahmen der Ferienangebote des offenen Ganztags. F\u00fcr die SPD-Fraktion erkl\u00e4rte der Stadtverordnete Thomas Krey, dass die <a href=\"https:\/\/allris.oberhausen.de\/bi\/vo020.asp?VOLFDNR=18413\">Verwaltungsverwaltungsvorlage<\/a> in der vorliegenden Form f\u00fcr die Sozialdemokraten nicht tragbar sei. Ein Grund daf\u00fcr ist eine deutliche Erh\u00f6hung der Beitr\u00e4ge f\u00fcr alle teilnehmenden Familien. Die SPD k\u00f6nnte sich eine Staffelung vorstellen.<!--more--><\/p>\n<p>F\u00fcr die Ferienangebote in den Osterferien (acht Tage) soll der Beitrag von 41 auf 110 Euro angehoben werden, der Preis f\u00fcr das Mittagessen f\u00fcr diese Zeit von 24 auf 40 Euro. Zudem soll nur eine Buchung im Block, das hei\u00dft f\u00fcr die gesamte Ferienzeit, m\u00f6glich sein.<\/p>\n<p>F\u00fcr Geringverdiener, denen Geld aus dem Topf f\u00fcr Bildung und Teilhabe zusteht, w\u00fcrde dieses vorgeschlagene Beispiel bedeuten, dass f\u00fcr die erste Ferienma\u00dfnahme des Jahres bereits 150 Euro von insgesamt 180 Euro aufgebraucht sind. F\u00fcr die Finanzierung weiterer Aktivit\u00e4ten, etwa Vereinsmitgliedschaften oder \u00e4hnliches, w\u00e4re dann kaum noch Geld da.<\/p>\n<p>&#8222;Hier m\u00fcssen Politik und Verwaltung einen Ausweg finden&#8220;, erkl\u00e4rt Thomas Krey. &#8222;Wir d\u00fcrfen Kinder nicht abh\u00e4ngen. Es darf nicht am Geld scheitern, dass Kinder solche Angebote nicht wahrnehmen k\u00f6nnen.&#8220;<\/p>\n","protected":false},"excerpt":{"rendered":"<p>In der j\u00fcngsten Sitzung des Schulausschusses diskutierte die Politik \u00fcber die H\u00f6he der Elternbeitr\u00e4ge im Rahmen der Ferienangebote des offenen Ganztags. F\u00fcr die SPD-Fraktion erkl\u00e4rte der Stadtverordnete Thomas Krey, dass&hellip; <\/p>\n","protected":false},"author":1,"featured_media":0,"comment_status":"closed","ping_status":"closed","sticky":false,"template":"","format":"standard","meta":{"footnotes":""},"categories":[231,179],"tags":[1381,782,3876,3877,2553,3878,147],"quellen":[326],"class_list":["post-11158","post","type-post","status-publish","format-standard","hentry","category-bildung","category-kinder-und-jugendliche","tag-bildungs-und-teilhabepaket","tag-elternbeitraege","tag-ferienangebote","tag-geringverdiener","tag-offener-ganztag","tag-osterferien","tag-schulausschuss","quellen-spd-fraktion-oberhausen"],"_links":{"self":[{"href":"https:\/\/meier-gerdingh.de\/wp-spd-ob\/wp-json\/wp\/v2\/posts\/11158","targetHints":{"allow":["GET"]}}],"collection":[{"href":"https:\/\/meier-gerdingh.de\/wp-spd-ob\/wp-json\/wp\/v2\/posts"}],"about":[{"href":"https:\/\/meier-gerdingh.de\/wp-spd-ob\/wp-json\/wp\/v2\/types\/post"}],"author":[{"embeddable":true,"href":"https:\/\/meier-gerdingh.de\/wp-spd-ob\/wp-json\/wp\/v2\/users\/1"}],"replies":[{"embeddable":true,"href":"https:\/\/meier-gerdingh.de\/wp-spd-ob\/wp-json\/wp\/v2\/comments?post=11158"}],"version-history":[{"count":0,"href":"https:\/\/meier-gerdingh.de\/wp-spd-ob\/wp-json\/wp\/v2\/posts\/11158\/revisions"}],"wp:attachment":[{"href":"https:\/\/meier-gerdingh.de\/wp-spd-ob\/wp-json\/wp\/v2\/media?parent=11158"}],"wp:term":[{"taxonomy":"category","embeddable":true,"href":"https:\/\/meier-gerdingh.de\/wp-spd-ob\/wp-json\/wp\/v2\/categories?post=11158"},{"taxonomy":"post_tag","embeddable":true,"href":"https:\/\/meier-gerdingh.de\/wp-spd-ob\/wp-json\/wp\/v2\/tags?post=11158"},{"taxonomy":"quellen","embeddable":true,"href":"https:\/\/meier-gerdingh.de\/wp-spd-ob\/wp-json\/wp\/v2\/quellen?post=11158"}],"curies":[{"name":"wp","href":"https:\/\/api.w.org\/{rel}","templated":true}]}}