{"id":1116,"date":"2014-01-14T17:00:00","date_gmt":"2014-01-14T15:00:00","guid":{"rendered":"http:\/\/www.meier-gerdingh.de\/spd-oberhausen\/wp\/?p=1116"},"modified":"2017-01-03T17:14:07","modified_gmt":"2017-01-03T16:14:07","slug":"dirk-voepel-fuer-wichtige-ausschuesse-benannt","status":"publish","type":"post","link":"https:\/\/meier-gerdingh.de\/wp-spd-ob\/2014\/01\/14\/dirk-voepel-fuer-wichtige-ausschuesse-benannt\/","title":{"rendered":"Dirk V\u00f6pel f\u00fcr wichtige Aussch\u00fcsse benannt"},"content":{"rendered":"<div style=\"width: 150px\" class=\"wp-caption alignleft\"><a href=\"http:\/\/meier-gerdingh.de\/wp-spd-ob\/wp-content\/uploads\/voepel_dirk_mdb.jpg\"><img decoding=\"async\" class=\"size-full\" src=\"http:\/\/meier-gerdingh.de\/wp-spd-ob\/wp-content\/uploads\/voepel_dirk_mdb.jpg\" alt=\"Dirk V\u00f6pel ist Mitglied des Deutschen Bundestages f\u00fcr Oberhausen und Dinslaken\" width=\"140\" height=\"180\" \/><\/a><p class=\"wp-caption-text\">Dirk V\u00f6pel ist Mitglied des Deutschen Bundestages f\u00fcr Oberhausen und Dinslaken<\/p><\/div>\n<p>Soviel steht fest: \u00dcber Arbeitsmangel wird sich Neu-MdB Dirk V\u00f6pel in n\u00e4chster Zeit nicht beklagen k\u00f6nnen. Gleich zu Beginn seiner T\u00e4tigkeit als frisch gew\u00e4hlter Bundestagsabgeordneter f\u00fcr Oberhausen und Dinslaken hat die SPD-Bundestagsfraktion ihn am gestrigen Abend in zwei der wichtigsten Aussch\u00fcsse des Deutschen Bundestages entsandt: Dirk V\u00f6pel wird sowohl dem Verteidigungsausschuss als auch dem Ausschuss f\u00fcr die Angelegenheiten der Europ\u00e4ischen Union als ordentliches Mitglied angeh\u00f6ren. Stellvertretendes Mitglied ist er im Innenausschuss.<!--more--><\/p>\n<p>Der Verteidigungs- und der Europaausschuss sind sogenannte &#8222;Verfassungsaussch\u00fcsse&#8220;, sie geh\u00f6ren also zu den wenigen Aussch\u00fcssen, die das Grundgesetz zwingend vorschreibt.<\/p>\n<p>Der Europaausschuss ist als Querschnittsausschuss die zentrale parlamentarische Schaltstelle bei der Umsetzung des europ\u00e4ischen in nationales Recht. Er stellt die europapolitische Mitwirkung des Deutschen Bundestages sicher und befasst sich mit einer sehr breiten Palette von Themen. Dabei geht es auch um grunds\u00e4tzliche Fragen des europ\u00e4ischen Einigungsprozesses und die Erweiterungsperspektiven der EU. Eine Besonderheit des Ausschusses besteht darin, dass ihm neben Mitgliedern des Bundestages auch Europaabgeordnete als beratende Mitglieder angeh\u00f6ren.<\/p>\n<p>Neben der Mitwirkung an der laufenden Gesetzgebung und der Beratung des Verteidigungshaushalts besteht die wichtigste Aufgabe des Verteidigungsausschusses in der Kontrolle des Verteidigungsministeriums, der Bundeswehr und der Bundeswehrverwaltung. Au\u00dferdem hat der Verteidigungsausschuss als einziger Ausschuss das Recht, sich selbst jederzeit als Untersuchungsausschuss einzusetzen.<\/p>\n<p>Dirk V\u00f6pel freut sich auf die verantwortungsvollen Aufgaben, die jetzt auf ihn zukommen. &#8222;Aber ich mache mir nat\u00fcrlich auch keine Illusionen hinsichtlich des erforderlichen Arbeitspensums. Rechnet man noch die Wahlkreisarbeit hinzu, die mir sehr wichtig ist, dann wird das ein echter politischer Triathlon.&#8220;<\/p>\n<p>Oberhausens SPD-Chef Michael Groschek kann jedenfalls sicher den einen oder anderen n\u00fctzlichen Tipp beisteuern, war er doch selber vor seiner Ernennung zum NRW-Verkehrsminister drei Jahre lang Mitglied des Verteidigungsausschusses des Deutschen Bundestages.<\/p>\n","protected":false},"excerpt":{"rendered":"<p>Soviel steht fest: \u00dcber Arbeitsmangel wird sich Neu-MdB Dirk V\u00f6pel in n\u00e4chster Zeit nicht beklagen k\u00f6nnen. Gleich zu Beginn seiner T\u00e4tigkeit als frisch gew\u00e4hlter Bundestagsabgeordneter f\u00fcr Oberhausen und Dinslaken hat&hellip; <\/p>\n","protected":false},"author":1,"featured_media":0,"comment_status":"closed","ping_status":"closed","sticky":false,"template":"","format":"standard","meta":{"footnotes":""},"categories":[180],"tags":[120,153,84],"quellen":[330],"class_list":["post-1116","post","type-post","status-publish","format-standard","hentry","category-bund","tag-bundestag","tag-bundestagsausschuesse","tag-spd-bundestagsfraktion","quellen-mdb-dirk-voepel"],"_links":{"self":[{"href":"https:\/\/meier-gerdingh.de\/wp-spd-ob\/wp-json\/wp\/v2\/posts\/1116","targetHints":{"allow":["GET"]}}],"collection":[{"href":"https:\/\/meier-gerdingh.de\/wp-spd-ob\/wp-json\/wp\/v2\/posts"}],"about":[{"href":"https:\/\/meier-gerdingh.de\/wp-spd-ob\/wp-json\/wp\/v2\/types\/post"}],"author":[{"embeddable":true,"href":"https:\/\/meier-gerdingh.de\/wp-spd-ob\/wp-json\/wp\/v2\/users\/1"}],"replies":[{"embeddable":true,"href":"https:\/\/meier-gerdingh.de\/wp-spd-ob\/wp-json\/wp\/v2\/comments?post=1116"}],"version-history":[{"count":0,"href":"https:\/\/meier-gerdingh.de\/wp-spd-ob\/wp-json\/wp\/v2\/posts\/1116\/revisions"}],"wp:attachment":[{"href":"https:\/\/meier-gerdingh.de\/wp-spd-ob\/wp-json\/wp\/v2\/media?parent=1116"}],"wp:term":[{"taxonomy":"category","embeddable":true,"href":"https:\/\/meier-gerdingh.de\/wp-spd-ob\/wp-json\/wp\/v2\/categories?post=1116"},{"taxonomy":"post_tag","embeddable":true,"href":"https:\/\/meier-gerdingh.de\/wp-spd-ob\/wp-json\/wp\/v2\/tags?post=1116"},{"taxonomy":"quellen","embeddable":true,"href":"https:\/\/meier-gerdingh.de\/wp-spd-ob\/wp-json\/wp\/v2\/quellen?post=1116"}],"curies":[{"name":"wp","href":"https:\/\/api.w.org\/{rel}","templated":true}]}}