{"id":11167,"date":"2024-01-24T14:43:08","date_gmt":"2024-01-24T13:43:08","guid":{"rendered":"https:\/\/meier-gerdingh.de\/wp-spd-ob\/?p=11167"},"modified":"2024-06-13T14:47:11","modified_gmt":"2024-06-13T12:47:11","slug":"ministerpraesident-wuest-laesst-ruhrgebietsstaedte-weiter-verarmen-lieber-geschichtenerzaehler-als-initiator-und-modernisierer","status":"publish","type":"post","link":"https:\/\/meier-gerdingh.de\/wp-spd-ob\/2024\/01\/24\/ministerpraesident-wuest-laesst-ruhrgebietsstaedte-weiter-verarmen-lieber-geschichtenerzaehler-als-initiator-und-modernisierer\/","title":{"rendered":"Ministerpr\u00e4sident W\u00fcst l\u00e4sst Ruhrgebietsst\u00e4dte weiter verarmen \u2013 lieber Geschichtenerz\u00e4hler als Initiator und Modernisierer"},"content":{"rendered":"<p><a href=\"https:\/\/meier-gerdingh.de\/wp-spd-ob\/wp-content\/uploads\/2023\/03\/banner-diese-woche-im-landtag-01.jpg\"><img decoding=\"async\" class=\"aligncenter size-full wp-image-10267\" src=\"https:\/\/meier-gerdingh.de\/wp-spd-ob\/wp-content\/uploads\/2023\/03\/banner-diese-woche-im-landtag-01.jpg\" alt=\"\" width=\"700\" height=\"258\" srcset=\"https:\/\/meier-gerdingh.de\/wp-spd-ob\/wp-content\/uploads\/2023\/03\/banner-diese-woche-im-landtag-01.jpg 700w, https:\/\/meier-gerdingh.de\/wp-spd-ob\/wp-content\/uploads\/2023\/03\/banner-diese-woche-im-landtag-01-300x111.jpg 300w\" sizes=\"(max-width: 700px) 100vw, 700px\" \/><\/a>Leere Kassen, arme St\u00e4dte, soziale Verwerfungen \u2013 niemand der Regierenden in NRW will das \u00e4ndern. &#8222;Zum wievielten Male m\u00fcssen wir dem CDU-Ministerpr\u00e4sidenten eigentlich noch mitteilen, dass es endlich eine Altschuldenl\u00f6sung f\u00fcr die Kommunen geben muss. Und ich wei\u00df genau welcher Reflex dann kommt: Ihr habt lange genug regiert und es nicht getan. Das wollen die Leute aber nicht mehr h\u00f6ren. Seit sieben Jahren regiert die CDU und will die Leute in den betroffenen Kommunen offenbar weiter sozial ausgrenzen. Anders kann ich diese Politik nicht einordnen&#8220;, erkl\u00e4rt die SPD-Landtagsabgeordnete Sonja Bongers anl\u00e4sslich der Plenarwoche.<!--more--><\/p>\n<h3 class=\"spd-ob-crossheading\">W\u00fcst regiert nicht, sondern inszeniert sich<\/h3>\n<p>NRW ist das einzige Bundesland, dass diese Problematik noch nicht gel\u00f6st hat. Hessen hat es getan, das Saarland, Niedersachsen und Rheinland-Pfalz \u2013 und das unabh\u00e4ngig vom Parteibuch.<\/p>\n<p>Es scheint wohl so zu sein, dass die W\u00e4hler im l\u00e4ndlichen Raum dem Ministerpr\u00e4sidenten mehr bedeuteten als die in den oft armen St\u00e4dten, so Bongers. Aber warum ist das so?<\/p>\n<p>&#8222;So verh\u00e4lt sich niemand, der sich permanent als Landesvater inszeniert. Herr W\u00fcst kann keine Probleme l\u00f6sen, das wird immer offensichtlicher. Es wirkt so, als \u00fcbe er diesen Job aus Eitelkeit aus, aber er ist gew\u00e4hlt, um dieses Land zu regieren und dazu geh\u00f6rt es, Probleme zu l\u00f6sen, im Sinne seiner B\u00fcrgerinnen und B\u00fcrger. Dieser Pflicht kommt der Mann aus Rhede in Westfalen nicht nach. Wird es brenzlig, dann schickt er andere vor. Hat NRW so etwas n\u00f6tig? Eigentlich nicht&#8220;, sagt die SPD-Rechtsexpertin.<\/p>\n","protected":false},"excerpt":{"rendered":"<p>Leere Kassen, arme St\u00e4dte, soziale Verwerfungen \u2013 niemand der Regierenden in NRW will das \u00e4ndern. &#8222;Zum wievielten Male m\u00fcssen wir dem CDU-Ministerpr\u00e4sidenten eigentlich noch mitteilen, dass es endlich eine Altschuldenl\u00f6sung&hellip; <\/p>\n","protected":false},"author":1,"featured_media":0,"comment_status":"closed","ping_status":"closed","sticky":false,"template":"","format":"standard","meta":{"footnotes":""},"categories":[4120,98,216],"tags":[1259,2346,14,1383,3324],"quellen":[1317],"class_list":["post-11167","post","type-post","status-publish","format-standard","hentry","category-die-woche-im-landtag","category-finanzen","category-land","tag-altschulden","tag-altschuldenloesung","tag-kommunalfinanzen","tag-kommunen","tag-liquiditaetskredite","quellen-mdl-sonja-bongers"],"_links":{"self":[{"href":"https:\/\/meier-gerdingh.de\/wp-spd-ob\/wp-json\/wp\/v2\/posts\/11167","targetHints":{"allow":["GET"]}}],"collection":[{"href":"https:\/\/meier-gerdingh.de\/wp-spd-ob\/wp-json\/wp\/v2\/posts"}],"about":[{"href":"https:\/\/meier-gerdingh.de\/wp-spd-ob\/wp-json\/wp\/v2\/types\/post"}],"author":[{"embeddable":true,"href":"https:\/\/meier-gerdingh.de\/wp-spd-ob\/wp-json\/wp\/v2\/users\/1"}],"replies":[{"embeddable":true,"href":"https:\/\/meier-gerdingh.de\/wp-spd-ob\/wp-json\/wp\/v2\/comments?post=11167"}],"version-history":[{"count":0,"href":"https:\/\/meier-gerdingh.de\/wp-spd-ob\/wp-json\/wp\/v2\/posts\/11167\/revisions"}],"wp:attachment":[{"href":"https:\/\/meier-gerdingh.de\/wp-spd-ob\/wp-json\/wp\/v2\/media?parent=11167"}],"wp:term":[{"taxonomy":"category","embeddable":true,"href":"https:\/\/meier-gerdingh.de\/wp-spd-ob\/wp-json\/wp\/v2\/categories?post=11167"},{"taxonomy":"post_tag","embeddable":true,"href":"https:\/\/meier-gerdingh.de\/wp-spd-ob\/wp-json\/wp\/v2\/tags?post=11167"},{"taxonomy":"quellen","embeddable":true,"href":"https:\/\/meier-gerdingh.de\/wp-spd-ob\/wp-json\/wp\/v2\/quellen?post=11167"}],"curies":[{"name":"wp","href":"https:\/\/api.w.org\/{rel}","templated":true}]}}