{"id":11169,"date":"2024-01-25T13:48:41","date_gmt":"2024-01-25T12:48:41","guid":{"rendered":"https:\/\/meier-gerdingh.de\/wp-spd-ob\/?p=11169"},"modified":"2024-06-13T14:47:04","modified_gmt":"2024-06-13T12:47:04","slug":"einfuehrung-eines-ideen-wettbewerbs-informationstechnologie-it-und-kuenstlicher-intelligenz-ki-fuer-die-nrw-justiz","status":"publish","type":"post","link":"https:\/\/meier-gerdingh.de\/wp-spd-ob\/2024\/01\/25\/einfuehrung-eines-ideen-wettbewerbs-informationstechnologie-it-und-kuenstlicher-intelligenz-ki-fuer-die-nrw-justiz\/","title":{"rendered":"Einf\u00fchrung eines Ideen-Wettbewerbs Informationstechnologie (IT) und K\u00fcnstliche Intelligenz (KI f\u00fcr die NRW-Justiz)"},"content":{"rendered":"<p><a href=\"https:\/\/meier-gerdingh.de\/wp-spd-ob\/wp-content\/uploads\/2023\/03\/banner-diese-woche-im-landtag-01.jpg\"><img decoding=\"async\" class=\"aligncenter size-full wp-image-10267\" src=\"https:\/\/meier-gerdingh.de\/wp-spd-ob\/wp-content\/uploads\/2023\/03\/banner-diese-woche-im-landtag-01.jpg\" alt=\"\" width=\"700\" height=\"258\" srcset=\"https:\/\/meier-gerdingh.de\/wp-spd-ob\/wp-content\/uploads\/2023\/03\/banner-diese-woche-im-landtag-01.jpg 700w, https:\/\/meier-gerdingh.de\/wp-spd-ob\/wp-content\/uploads\/2023\/03\/banner-diese-woche-im-landtag-01-300x111.jpg 300w\" sizes=\"(max-width: 700px) 100vw, 700px\" \/><\/a>K\u00fcnstliche Intelligenz wird in vielen Bereichen bereits genutzt. Sie bietet enorme Chancen, aber hat ebenfalls auch Herausforderungen und Risiken. Die technische und wirtschaftliche Nutzung sowie die best\u00e4ndige Fortentwicklung von KI schreiten voran. Mit oder ohne politische Beteiligung.<\/p>\n<p>&#8222;Politik und besonders auch die von der Landesregierung gef\u00fchrte Verwaltung muss dringend handeln und dieses Thema aufgreifen. Besonders wichtig ist es zu pr\u00fcfen, inwiefern KI den aufkommenden Fachkr\u00e4ftemangel abmildern kann&#8220;, so die SPD-Landtagsabgeordnete Sonja Bongers. Inwiefern kann KI dazu beitragen, dass Arbeitsabl\u00e4ufe in der Justiz effizienter gestaltet werden k\u00f6nnen?<!--more--><\/p>\n<p>&#8222;Um diese Fragen zu beantworten, braucht es Experten und vor allem Praktiker, die ihre Erfahrung einbringen. Ein j\u00e4hrlich stattfindender Ideenwettbewerb w\u00fcrde zur Weiterentwicklung der KI im Bereich der Justiz beitragen&#8220;, so Bongers. Die M\u00f6glichkeiten im Bereich der K\u00fcnstlichen Intelligenz entwickeln sich schnell weiter.<\/p>\n<p>In einem Ideenwettbewerb k\u00f6nnte sich \u00fcber die neusten Innovationen ausgetauscht werden, um dann zu entscheiden, welche Technologien auch f\u00fcr die nordrhein-westf\u00e4lische Justizverwaltung sinnvoll sind. Es sollte sich dabei nicht um eine einmalige Veranstaltung handeln. Die Weiterentwicklung der KI in der Justiz muss ein kontinuierlicher Prozess bleiben. Deshalb ist ein j\u00e4hrlich stattfindendes Event sinnvoll.<\/p>\n","protected":false},"excerpt":{"rendered":"<p>K\u00fcnstliche Intelligenz wird in vielen Bereichen bereits genutzt. Sie bietet enorme Chancen, aber hat ebenfalls auch Herausforderungen und Risiken. Die technische und wirtschaftliche Nutzung sowie die best\u00e4ndige Fortentwicklung von KI&hellip; <\/p>\n","protected":false},"author":1,"featured_media":0,"comment_status":"closed","ping_status":"closed","sticky":false,"template":"","format":"standard","meta":{"footnotes":""},"categories":[4120,3350,216],"tags":[3895,3893,3894,1760,3892,3517,3516],"quellen":[1317],"class_list":["post-11169","post","type-post","status-publish","format-standard","hentry","category-die-woche-im-landtag","category-digitalisierung","category-land","tag-ideenwettbewerb-ki-fuer-die-nrw-justiz","tag-informationstechnologie","tag-it","tag-justiz","tag-justiz-nrw","tag-ki","tag-kuenstliche-intelligenz","quellen-mdl-sonja-bongers"],"_links":{"self":[{"href":"https:\/\/meier-gerdingh.de\/wp-spd-ob\/wp-json\/wp\/v2\/posts\/11169","targetHints":{"allow":["GET"]}}],"collection":[{"href":"https:\/\/meier-gerdingh.de\/wp-spd-ob\/wp-json\/wp\/v2\/posts"}],"about":[{"href":"https:\/\/meier-gerdingh.de\/wp-spd-ob\/wp-json\/wp\/v2\/types\/post"}],"author":[{"embeddable":true,"href":"https:\/\/meier-gerdingh.de\/wp-spd-ob\/wp-json\/wp\/v2\/users\/1"}],"replies":[{"embeddable":true,"href":"https:\/\/meier-gerdingh.de\/wp-spd-ob\/wp-json\/wp\/v2\/comments?post=11169"}],"version-history":[{"count":0,"href":"https:\/\/meier-gerdingh.de\/wp-spd-ob\/wp-json\/wp\/v2\/posts\/11169\/revisions"}],"wp:attachment":[{"href":"https:\/\/meier-gerdingh.de\/wp-spd-ob\/wp-json\/wp\/v2\/media?parent=11169"}],"wp:term":[{"taxonomy":"category","embeddable":true,"href":"https:\/\/meier-gerdingh.de\/wp-spd-ob\/wp-json\/wp\/v2\/categories?post=11169"},{"taxonomy":"post_tag","embeddable":true,"href":"https:\/\/meier-gerdingh.de\/wp-spd-ob\/wp-json\/wp\/v2\/tags?post=11169"},{"taxonomy":"quellen","embeddable":true,"href":"https:\/\/meier-gerdingh.de\/wp-spd-ob\/wp-json\/wp\/v2\/quellen?post=11169"}],"curies":[{"name":"wp","href":"https:\/\/api.w.org\/{rel}","templated":true}]}}