{"id":11170,"date":"2024-01-25T13:50:30","date_gmt":"2024-01-25T12:50:30","guid":{"rendered":"https:\/\/meier-gerdingh.de\/wp-spd-ob\/?p=11170"},"modified":"2024-06-13T14:46:52","modified_gmt":"2024-06-13T12:46:52","slug":"schnellere-asylverfahren","status":"publish","type":"post","link":"https:\/\/meier-gerdingh.de\/wp-spd-ob\/2024\/01\/25\/schnellere-asylverfahren\/","title":{"rendered":"Schnellere Asylverfahren"},"content":{"rendered":"<p><a href=\"https:\/\/meier-gerdingh.de\/wp-spd-ob\/wp-content\/uploads\/2023\/03\/banner-diese-woche-im-landtag-01.jpg\"><img decoding=\"async\" class=\"aligncenter size-full wp-image-10267\" src=\"https:\/\/meier-gerdingh.de\/wp-spd-ob\/wp-content\/uploads\/2023\/03\/banner-diese-woche-im-landtag-01.jpg\" alt=\"\" width=\"700\" height=\"258\" srcset=\"https:\/\/meier-gerdingh.de\/wp-spd-ob\/wp-content\/uploads\/2023\/03\/banner-diese-woche-im-landtag-01.jpg 700w, https:\/\/meier-gerdingh.de\/wp-spd-ob\/wp-content\/uploads\/2023\/03\/banner-diese-woche-im-landtag-01-300x111.jpg 300w\" sizes=\"(max-width: 700px) 100vw, 700px\" \/><\/a>Menschen, die Asyl suchen, haben oft lange Leidensgeschichten und Fluchtwege hinter sich. Dazu kommt das st\u00e4ndige Gef\u00fchl der Entwurzelung und die dauerhafte Unsicherheit, wie geht das Leben weiter. Eine schnelle Entscheidung in einem Asylverfahren schafft daher f\u00fcr alle Beteiligten Klarheit.<\/p>\n<p>Aber nicht nur aus menschlicher, sondern auch aus volkswirtschaftlicher Sicht macht die Beschleunigung von Asylverfahren Sinn. &#8222;Wenn entschieden ist, dass ein Mensch im Land bleiben kann, bedeutet dies, dass die Integration richtig beginnen kann. Auch potentielle Arbeitgeber haben dann die Gewissheit, dass die eingestellte Person dem Betrieb erhalten bleiben wird und sich innerhalb eines Unternehmen entwickeln kann. Ein negativer Bescheid hingegen schafft f\u00fcr die Betroffenen die M\u00f6glichkeit, sich umzuorientieren und alternative L\u00f6sungen zu suchen&#8220;, so die SPD-Rechtsexpertin Sonja Bongers.<!--more--><\/p>\n<p>Leider dauern die Asylverfahren in NRW im Vergleich mit anderen Bundesl\u00e4ndern \u00fcberdurchschnittlich lange. Im ersten Halbjahr 2023 waren es \u00fcber 21 Monate.<\/p>\n<p>&#8222;Das ist sehr lange f\u00fcr eine Person, die in unsicheren Umst\u00e4nden lebt. Das sind 21 Monate voller Angst und Instabilit\u00e4t. Es ist wichtig, dass die Verfahren beschleunigt werden. Eine gr\u00f6\u00dfere sachliche und personelle Ausstattung an den Asyl-entscheidenden Stellen w\u00fcrde hier helfen. Aber auch geb\u00fcndelte Fachkompetenz zu den politischen Verh\u00e4ltnissen der einzelnen Herkunftsl\u00e4nder tr\u00e4gt zur fachlichen Entscheidungskompetenz in Asylverfahren bei&#8220;, sagt Bongers.<\/p>\n","protected":false},"excerpt":{"rendered":"<p>Menschen, die Asyl suchen, haben oft lange Leidensgeschichten und Fluchtwege hinter sich. Dazu kommt das st\u00e4ndige Gef\u00fchl der Entwurzelung und die dauerhafte Unsicherheit, wie geht das Leben weiter. Eine schnelle&hellip; <\/p>\n","protected":false},"author":1,"featured_media":0,"comment_status":"closed","ping_status":"closed","sticky":false,"template":"","format":"standard","meta":{"footnotes":""},"categories":[4120,2709,216],"tags":[3869,3896],"quellen":[1317],"class_list":["post-11170","post","type-post","status-publish","format-standard","hentry","category-die-woche-im-landtag","category-fluechtlinge","category-land","tag-asylrecht","tag-asylverfahren","quellen-mdl-sonja-bongers"],"_links":{"self":[{"href":"https:\/\/meier-gerdingh.de\/wp-spd-ob\/wp-json\/wp\/v2\/posts\/11170","targetHints":{"allow":["GET"]}}],"collection":[{"href":"https:\/\/meier-gerdingh.de\/wp-spd-ob\/wp-json\/wp\/v2\/posts"}],"about":[{"href":"https:\/\/meier-gerdingh.de\/wp-spd-ob\/wp-json\/wp\/v2\/types\/post"}],"author":[{"embeddable":true,"href":"https:\/\/meier-gerdingh.de\/wp-spd-ob\/wp-json\/wp\/v2\/users\/1"}],"replies":[{"embeddable":true,"href":"https:\/\/meier-gerdingh.de\/wp-spd-ob\/wp-json\/wp\/v2\/comments?post=11170"}],"version-history":[{"count":0,"href":"https:\/\/meier-gerdingh.de\/wp-spd-ob\/wp-json\/wp\/v2\/posts\/11170\/revisions"}],"wp:attachment":[{"href":"https:\/\/meier-gerdingh.de\/wp-spd-ob\/wp-json\/wp\/v2\/media?parent=11170"}],"wp:term":[{"taxonomy":"category","embeddable":true,"href":"https:\/\/meier-gerdingh.de\/wp-spd-ob\/wp-json\/wp\/v2\/categories?post=11170"},{"taxonomy":"post_tag","embeddable":true,"href":"https:\/\/meier-gerdingh.de\/wp-spd-ob\/wp-json\/wp\/v2\/tags?post=11170"},{"taxonomy":"quellen","embeddable":true,"href":"https:\/\/meier-gerdingh.de\/wp-spd-ob\/wp-json\/wp\/v2\/quellen?post=11170"}],"curies":[{"name":"wp","href":"https:\/\/api.w.org\/{rel}","templated":true}]}}