{"id":1118,"date":"2014-02-04T17:00:00","date_gmt":"2014-02-04T15:00:00","guid":{"rendered":"http:\/\/www.meier-gerdingh.de\/spd-oberhausen\/wp\/?p=1118"},"modified":"2017-01-03T17:09:40","modified_gmt":"2017-01-03T16:09:40","slug":"cdu-spielt-das-brauchtum-gegeneinander-aus","status":"publish","type":"post","link":"https:\/\/meier-gerdingh.de\/wp-spd-ob\/2014\/02\/04\/cdu-spielt-das-brauchtum-gegeneinander-aus\/","title":{"rendered":"CDU spielt das Brauchtum gegeneinander aus"},"content":{"rendered":"<div style=\"width: 150px\" class=\"wp-caption alignleft\"><a href=\"http:\/\/meier-gerdingh.de\/wp-spd-ob\/wp-content\/uploads\/landtagganz1.jpg\"><img decoding=\"async\" class=\"size-full\" src=\"http:\/\/meier-gerdingh.de\/wp-spd-ob\/wp-content\/uploads\/landtagganz1.jpg\" alt=\"Der Landtag von Nordrhein-Westfalen\" width=\"140\" height=\"187\" \/><\/a><p class=\"wp-caption-text\">Der Landtag von Nordrhein-Westfalen<\/p><\/div>\n<p>Wolfgang Gro\u00dfe Br\u00f6mer und Stefan Zimkeit werfen der CDU &#8222;taktische Spielchen zu Lasten von Karneval, Kirmes und anderer Brauchtumstraditionen&#8220; vor. &#8222;Mit ihrer Pro-Sch\u00fctzen-Medienoffensive betreibt die NRW-CDU Wahlkampf auf dem R\u00fccken der Betroffenen&#8220;, stellt Zimkeit fest. Unterst\u00fctzung finden die beiden Oberhausener Wahlkreisabgeordneten bei Heiner Dehorn, Pr\u00e4sident des Hauptausschusses Gro\u00df-Oberhausener Karneval. &#8222;Das Brauchtum sollte sich nicht von der CDU gegeneinander ausspielen lassen&#8220;, spricht sich Dehorn gegen einen \u00f6ffentlichen Konflikt um die Aufnahme in die Liste des immateriellen Kulturerbes aus.<!--more--><\/p>\n<p>\u00dcber die Bewerbung f\u00fcr die Weltkulturerbeliste werde nicht die CDU, sondern eine unabh\u00e4ngige Expertenjury entscheiden, erl\u00e4utert Wolfgang Gro\u00dfe Br\u00f6mer den Ablauf. &#8222;Das will die CDU offensichtlich nicht wahrhaben.&#8220;<\/p>\n<p>21 Vorschl\u00e4ge l\u00e4gen der Jury vor, wissen die beiden SPD-Landtagsabgeordneten zu berichten. &#8222;Dazu geh\u00f6ren der Karneval, das Sch\u00fctzenbrauchtum und auch die in Oberhausen besonders gepflegte Kirmestradition&#8220;, erinnert Stefan Zimkeit an die bis 1828 zur\u00fcckreichende Sterkrader Fronleichnamskirmes als ein herausragendes Oberhausener Ereignis.<\/p>\n<p>&#8222;Die Mehrheit des Landtages hat \u00fcberhaupt nicht gegen die Sch\u00fctzen entschieden. Sie hat es nur abgelehnt, der Expertenjury politisch die Entscheidung vorzugeben&#8220;, so Zimkeit. &#8222;Offensichtlich ist in den westf\u00e4lischen CDU-Hochburgen die Furcht aufgekommen, der dort weitgehend unbekannte Karneval k\u00f6nnte an den Sch\u00fctzen vorbeiziehen&#8220;, vermutet der Abgeordnete.<\/p>\n<p>&#8222;Wir vertrauen der Jury&#8220;, ist Gro\u00dfe Br\u00f6mer auf die Entscheidung gespannt. &#8222;Sie wird zwei nordrhein-westf\u00e4lische Vorschl\u00e4ge ausarbeiten und diese an die Bundesebene weiterreichen.&#8220; Dort werde sich ebenfalls eine unabh\u00e4ngige Jury mit den Ideen aus den 16 Bundesl\u00e4ndern befassen. &#8222;Dieses Expertenverfahren entspricht den Vorgaben der Unesco, die f\u00fcr die Zusammenstellung der Liste des Kulturerbes der Menschheit zust\u00e4ndig ist&#8220;, unterstreicht Wolfgang Gro\u00dfe Br\u00f6mer.<\/p>\n","protected":false},"excerpt":{"rendered":"<p>Wolfgang Gro\u00dfe Br\u00f6mer und Stefan Zimkeit werfen der CDU &#8222;taktische Spielchen zu Lasten von Karneval, Kirmes und anderer Brauchtumstraditionen&#8220; vor. &#8222;Mit ihrer Pro-Sch\u00fctzen-Medienoffensive betreibt die NRW-CDU Wahlkampf auf dem R\u00fccken&hellip; <\/p>\n","protected":false},"author":1,"featured_media":0,"comment_status":"closed","ping_status":"closed","sticky":false,"template":"","format":"standard","meta":{"footnotes":""},"categories":[178],"tags":[52,146],"quellen":[326],"class_list":["post-1118","post","type-post","status-publish","format-standard","hentry","category-wahlen","tag-kommunalwahl-2014","tag-vereine","quellen-spd-fraktion-oberhausen"],"_links":{"self":[{"href":"https:\/\/meier-gerdingh.de\/wp-spd-ob\/wp-json\/wp\/v2\/posts\/1118","targetHints":{"allow":["GET"]}}],"collection":[{"href":"https:\/\/meier-gerdingh.de\/wp-spd-ob\/wp-json\/wp\/v2\/posts"}],"about":[{"href":"https:\/\/meier-gerdingh.de\/wp-spd-ob\/wp-json\/wp\/v2\/types\/post"}],"author":[{"embeddable":true,"href":"https:\/\/meier-gerdingh.de\/wp-spd-ob\/wp-json\/wp\/v2\/users\/1"}],"replies":[{"embeddable":true,"href":"https:\/\/meier-gerdingh.de\/wp-spd-ob\/wp-json\/wp\/v2\/comments?post=1118"}],"version-history":[{"count":0,"href":"https:\/\/meier-gerdingh.de\/wp-spd-ob\/wp-json\/wp\/v2\/posts\/1118\/revisions"}],"wp:attachment":[{"href":"https:\/\/meier-gerdingh.de\/wp-spd-ob\/wp-json\/wp\/v2\/media?parent=1118"}],"wp:term":[{"taxonomy":"category","embeddable":true,"href":"https:\/\/meier-gerdingh.de\/wp-spd-ob\/wp-json\/wp\/v2\/categories?post=1118"},{"taxonomy":"post_tag","embeddable":true,"href":"https:\/\/meier-gerdingh.de\/wp-spd-ob\/wp-json\/wp\/v2\/tags?post=1118"},{"taxonomy":"quellen","embeddable":true,"href":"https:\/\/meier-gerdingh.de\/wp-spd-ob\/wp-json\/wp\/v2\/quellen?post=1118"}],"curies":[{"name":"wp","href":"https:\/\/api.w.org\/{rel}","templated":true}]}}