{"id":11180,"date":"2024-02-15T17:20:36","date_gmt":"2024-02-15T16:20:36","guid":{"rendered":"https:\/\/meier-gerdingh.de\/wp-spd-ob\/?p=11180"},"modified":"2024-02-15T17:20:36","modified_gmt":"2024-02-15T16:20:36","slug":"ameos-soll-sich-erklaeren","status":"publish","type":"post","link":"https:\/\/meier-gerdingh.de\/wp-spd-ob\/2024\/02\/15\/ameos-soll-sich-erklaeren\/","title":{"rendered":"Ameos soll sich erkl\u00e4ren"},"content":{"rendered":"<div id=\"attachment_9420\" style=\"width: 170px\" class=\"wp-caption alignleft\"><a href=\"https:\/\/meier-gerdingh.de\/wp-spd-ob\/wp-content\/uploads\/2022\/10\/horn-denise-portrait-lg.jpg\"><img aria-describedby=\"caption-attachment-9420\" decoding=\"async\" class=\"size-full wp-image-9420\" src=\"https:\/\/meier-gerdingh.de\/wp-spd-ob\/wp-content\/uploads\/2022\/10\/horn-denise-portrait.jpg\" alt=\"\" width=\"160\" height=\"200\" \/><\/a><p id=\"caption-attachment-9420\" class=\"wp-caption-text\">Denise Horn ist schul- und sozialpolitische Sprecherin der SPD-Fraktion<\/p><\/div>\n<p>Die angek\u00fcndigte Schlie\u00dfung des mobilen Pflegedienstes des Klinikbetreibers Ameos emp\u00f6rt die Oberhausener SPD: &#8222;Leider wird unsere anf\u00e4ngliche Skepsis gegen\u00fcber Ameos immer wieder best\u00e4tigt, so auch in diesem Fall&#8220;, erkl\u00e4rt die sozialpolitische Sprecherin der SPD-Ratsfraktion Denise Horn. &#8222;Mitarbeiterinnen und Mitarbeiter sahen sich einmal mehr konfrontiert mit Ger\u00fcchten, die ihnen zu Recht Sorgen bereitet haben, und dann stehen sie pl\u00f6tzlich vor vollendeten Tatsachen \u2013 so kann man nicht mit den Menschen umgehen.&#8220;<!--more--><\/p>\n<p>Dies gelte nicht nur f\u00fcr die Besch\u00e4ftigten, die nur die M\u00f6glichkeit erhalten, in einem Ameos-Pflegeheim zu arbeiten, wenn sie den Arbeitgeber nicht wechseln wollen, sondern auch f\u00fcr die 250 bisherigen Ameos-Kunden und deren Familien. Ihnen bleibt nur etwas mehr als einen Monat Zeit, ein Ersatzangebot zu finden.<\/p>\n<p>&#8222;Ob die ambulante Pflegelandschaft in Oberhausen \u00fcberhaupt in der Lage ist, praktisch von jetzt auf gleich 250 Menschen zus\u00e4tzlich zu versorgen, ist zumindest fraglich, genauso wie das Verantwortungsbewusstsein der Ameos-Manager f\u00fcr die pflegebed\u00fcrftigen Menschen&#8220;, so der SPD-Stadtverordnete und Seniorenbeiratsvorsitzende Helmut Brodrick. &#8222;Ger\u00fcchte um die Schlie\u00dfung gab es ja schon l\u00e4nger. Warum l\u00e4sst man die Menschen so lange im Dunkeln tappen?&#8220;<\/p>\n<p>&#8222;Wir hoffen sehr, dass nun auch die letzten Ameos-Fans in der Politik aufgewacht sind und erkennen, was dies f\u00fcr ein Akteur in der Gesundheitslandschaft unserer Stadt ist&#8220;, erkl\u00e4rt Denise Horn. Die Zeiten, in denen die CDU-Fraktionsvorsitzende Simone-Tatjana Stehr sich \u00f6ffentlich w\u00fcnschte, dass die &#8222;kritischen Stimmen gegen\u00fcber dieser \u00dcbernahme verstummen&#8220; m\u00f6gen, sollten endg\u00fcltig vorbei sein.<\/p>\n<p>Die SPD-Fraktionsvorsitzende Sonja Bongers hat angek\u00fcndigt, in ihrer Funktion als Sozialausschussvorsitzende das Aus des h\u00e4uslichen Pflegedienstes von Ameos auf die Tagesordnung der n\u00e4chsten Ausschuss-Sitzung zu setzen.<\/p>\n<p>&#8222;Wir erwarten von Ameos, dass man diesen drastischen Schritt dort erkl\u00e4ren wird. Und wir hoffen nat\u00fcrlich, dass die Expertinnen und Experten der st\u00e4dtischen Alten- und Pflegeplanung eine Einsch\u00e4tzung abgeben k\u00f6nnen, was der pl\u00f6tzliche Wegfall eines h\u00e4uslichen Pflegedienstes f\u00fcr die Situation pflegebed\u00fcrftiger Menschen in Oberhausen konkret bedeutet&#8220;, so Bongers.<\/p>\n","protected":false},"excerpt":{"rendered":"<p>Die angek\u00fcndigte Schlie\u00dfung des mobilen Pflegedienstes des Klinikbetreibers Ameos emp\u00f6rt die Oberhausener SPD: &#8222;Leider wird unsere anf\u00e4ngliche Skepsis gegen\u00fcber Ameos immer wieder best\u00e4tigt, so auch in diesem Fall&#8220;, erkl\u00e4rt die&hellip; <\/p>\n","protected":false},"author":1,"featured_media":0,"comment_status":"closed","ping_status":"closed","sticky":false,"template":"","format":"standard","meta":{"footnotes":""},"categories":[297,854],"tags":[1592,714,2103,3902,2102,3901,3900,472,536,2585],"quellen":[326],"class_list":["post-11180","post","type-post","status-publish","format-standard","hentry","category-gesundheit","category-senioren","tag-altenpflege","tag-ambulante-pflege","tag-ameos","tag-ameos-gruppe","tag-ameos-kliniken","tag-haeuslicher-pflegedienst","tag-mobiler-pflegedienst","tag-pflege","tag-pflegepersonal","tag-pflegerinnen-und-pfleger","quellen-spd-fraktion-oberhausen"],"_links":{"self":[{"href":"https:\/\/meier-gerdingh.de\/wp-spd-ob\/wp-json\/wp\/v2\/posts\/11180","targetHints":{"allow":["GET"]}}],"collection":[{"href":"https:\/\/meier-gerdingh.de\/wp-spd-ob\/wp-json\/wp\/v2\/posts"}],"about":[{"href":"https:\/\/meier-gerdingh.de\/wp-spd-ob\/wp-json\/wp\/v2\/types\/post"}],"author":[{"embeddable":true,"href":"https:\/\/meier-gerdingh.de\/wp-spd-ob\/wp-json\/wp\/v2\/users\/1"}],"replies":[{"embeddable":true,"href":"https:\/\/meier-gerdingh.de\/wp-spd-ob\/wp-json\/wp\/v2\/comments?post=11180"}],"version-history":[{"count":0,"href":"https:\/\/meier-gerdingh.de\/wp-spd-ob\/wp-json\/wp\/v2\/posts\/11180\/revisions"}],"wp:attachment":[{"href":"https:\/\/meier-gerdingh.de\/wp-spd-ob\/wp-json\/wp\/v2\/media?parent=11180"}],"wp:term":[{"taxonomy":"category","embeddable":true,"href":"https:\/\/meier-gerdingh.de\/wp-spd-ob\/wp-json\/wp\/v2\/categories?post=11180"},{"taxonomy":"post_tag","embeddable":true,"href":"https:\/\/meier-gerdingh.de\/wp-spd-ob\/wp-json\/wp\/v2\/tags?post=11180"},{"taxonomy":"quellen","embeddable":true,"href":"https:\/\/meier-gerdingh.de\/wp-spd-ob\/wp-json\/wp\/v2\/quellen?post=11180"}],"curies":[{"name":"wp","href":"https:\/\/api.w.org\/{rel}","templated":true}]}}