{"id":1119,"date":"2014-02-05T17:00:00","date_gmt":"2014-02-05T15:00:00","guid":{"rendered":"http:\/\/www.meier-gerdingh.de\/spd-oberhausen\/wp\/?p=1119"},"modified":"2017-01-03T17:09:26","modified_gmt":"2017-01-03T16:09:26","slug":"spd-unterstuetzt-oberhausener-sportvereine","status":"publish","type":"post","link":"https:\/\/meier-gerdingh.de\/wp-spd-ob\/2014\/02\/05\/spd-unterstuetzt-oberhausener-sportvereine\/","title":{"rendered":"SPD unterst\u00fctzt Oberhausener Sportvereine"},"content":{"rendered":"<div style=\"width: 150px\" class=\"wp-caption alignleft\"><a href=\"http:\/\/meier-gerdingh.de\/wp-spd-ob\/wp-content\/uploads\/pascheberg_rene_09.jpg\"><img decoding=\"async\" class=\"size-full\" src=\"http:\/\/meier-gerdingh.de\/wp-spd-ob\/wp-content\/uploads\/pascheberg_rene_09.jpg\" alt=\"Ren\u00e9 Pascheberg ist sportpolitischer Sprecher der SPD-Ratsfraktion\" width=\"140\" height=\"169\" \/><\/a><p class=\"wp-caption-text\">Ren\u00e9 Pascheberg ist sportpolitischer Sprecher der SPD-Ratsfraktion<\/p><\/div>\n<p>In der Ratssitzung am 3. Februar hat die SPD-Fraktion f\u00fcr zus\u00e4tzliche finanzielle Mittel im Bereich der Sportf\u00f6rderung gestimmt. Hintergrund ist ein finanzieller Mehrbedarf, der sich aus einer vertraglichen Verpflichtung der Stadt Oberhausen gegen\u00fcber der OGM ergibt. Die CDU lehnte hingegen wie schon im Dezember letzten Jahres die den Sportvereinen zugutekommende Hilfe ab. &#8222;Die Vereine sollen wissen, dass wir an ihrer Seite stehen, aber auch, wer wiederholt die Bewilligung von Geldern zur Sportf\u00f6rderung ablehnt&#8220;, kommentiert Ren\u00e9 Pascheberg, sportpolitischer Sprecher der SPD-Ratsfraktion, die Entscheidung.<!--more--><\/p>\n<p>Wir haben gemeinsam das erfolgreiche Sportst\u00e4ttenkonzept auf den Weg gebracht, das trotz schwieriger Finanzlage erm\u00f6glicht, erhebliche Modernisierungen bei den Oberhausener Sportanlagen durchzuf\u00fchren. Bereits im Mai geht es zum Beispiel am Sportplatz Sch\u00f6nefeld weiter, dort wird ein neuer Kunstrasenplatz entstehen, berichtet der D\u00fcmptener Stadtverordnete.<\/p>\n<p>&#8222;Die CDU bleibt in der Frage der zus\u00e4tzlichen Mittel f\u00fcr die Sportf\u00f6rderung leider ihrer Linie der Fundamental-Opposition treu und lehnt notwendige Ausgaben ab, die die gute Arbeit der Oberhausener Sportvereine unterst\u00fctzen&#8220;, kritisiert Pascheberg abschlie\u00dfend.<\/p>\n","protected":false},"excerpt":{"rendered":"<p>In der Ratssitzung am 3. Februar hat die SPD-Fraktion f\u00fcr zus\u00e4tzliche finanzielle Mittel im Bereich der Sportf\u00f6rderung gestimmt. Hintergrund ist ein finanzieller Mehrbedarf, der sich aus einer vertraglichen Verpflichtung der&hellip; <\/p>\n","protected":false},"author":1,"featured_media":0,"comment_status":"closed","ping_status":"closed","sticky":false,"template":"","format":"standard","meta":{"footnotes":""},"categories":[47],"tags":[67,454,145],"quellen":[326],"class_list":["post-1119","post","type-post","status-publish","format-standard","hentry","category-sport","tag-ogm","tag-sport","tag-sportfoerderung","quellen-spd-fraktion-oberhausen"],"_links":{"self":[{"href":"https:\/\/meier-gerdingh.de\/wp-spd-ob\/wp-json\/wp\/v2\/posts\/1119","targetHints":{"allow":["GET"]}}],"collection":[{"href":"https:\/\/meier-gerdingh.de\/wp-spd-ob\/wp-json\/wp\/v2\/posts"}],"about":[{"href":"https:\/\/meier-gerdingh.de\/wp-spd-ob\/wp-json\/wp\/v2\/types\/post"}],"author":[{"embeddable":true,"href":"https:\/\/meier-gerdingh.de\/wp-spd-ob\/wp-json\/wp\/v2\/users\/1"}],"replies":[{"embeddable":true,"href":"https:\/\/meier-gerdingh.de\/wp-spd-ob\/wp-json\/wp\/v2\/comments?post=1119"}],"version-history":[{"count":0,"href":"https:\/\/meier-gerdingh.de\/wp-spd-ob\/wp-json\/wp\/v2\/posts\/1119\/revisions"}],"wp:attachment":[{"href":"https:\/\/meier-gerdingh.de\/wp-spd-ob\/wp-json\/wp\/v2\/media?parent=1119"}],"wp:term":[{"taxonomy":"category","embeddable":true,"href":"https:\/\/meier-gerdingh.de\/wp-spd-ob\/wp-json\/wp\/v2\/categories?post=1119"},{"taxonomy":"post_tag","embeddable":true,"href":"https:\/\/meier-gerdingh.de\/wp-spd-ob\/wp-json\/wp\/v2\/tags?post=1119"},{"taxonomy":"quellen","embeddable":true,"href":"https:\/\/meier-gerdingh.de\/wp-spd-ob\/wp-json\/wp\/v2\/quellen?post=1119"}],"curies":[{"name":"wp","href":"https:\/\/api.w.org\/{rel}","templated":true}]}}