{"id":11198,"date":"2024-02-28T13:54:53","date_gmt":"2024-02-28T12:54:53","guid":{"rendered":"https:\/\/meier-gerdingh.de\/wp-spd-ob\/?p=11198"},"modified":"2024-06-13T14:46:13","modified_gmt":"2024-06-13T12:46:13","slug":"gemeindeschwesterplus-zur-bekaempfung-von-einsamkeit-etablieren","status":"publish","type":"post","link":"https:\/\/meier-gerdingh.de\/wp-spd-ob\/2024\/02\/28\/gemeindeschwesterplus-zur-bekaempfung-von-einsamkeit-etablieren\/","title":{"rendered":"GemeindeschwesterPlus zur Bek\u00e4mpfung von Einsamkeit etablieren"},"content":{"rendered":"<p><a href=\"https:\/\/meier-gerdingh.de\/wp-spd-ob\/wp-content\/uploads\/2023\/03\/banner-diese-woche-im-landtag-01.jpg\"><img decoding=\"async\" class=\"aligncenter size-full wp-image-10267\" src=\"https:\/\/meier-gerdingh.de\/wp-spd-ob\/wp-content\/uploads\/2023\/03\/banner-diese-woche-im-landtag-01.jpg\" alt=\"\" width=\"700\" height=\"258\" srcset=\"https:\/\/meier-gerdingh.de\/wp-spd-ob\/wp-content\/uploads\/2023\/03\/banner-diese-woche-im-landtag-01.jpg 700w, https:\/\/meier-gerdingh.de\/wp-spd-ob\/wp-content\/uploads\/2023\/03\/banner-diese-woche-im-landtag-01-300x111.jpg 300w\" sizes=\"(max-width: 700px) 100vw, 700px\" \/><\/a>In einer alternden Gesellschaft, stellen auch soziale Isolation und Einsamkeit im Alter sowie die Aufrechterhaltung von Selbstst\u00e4ndigkeit im eigenen Zuhause die Gesellschaft und die Politik vor neue Herausforderungen. Einsamkeit betrifft nicht allein \u00c4ltere, doch bei Hochbetagten k\u00f6nnen weitere Faktoren wie nachlassende Gesundheit, eingeschr\u00e4nkte Mobilit\u00e4t und sich durch das Alter ausd\u00fcnnende soziale Netzwerke Vereinsamung verst\u00e4rken. Niedrigschwellige Ans\u00e4tze, die zugleich soziale Beziehungen schaffen, st\u00e4rken und Selbstst\u00e4ndigkeit im Alter erhalten, sind daher wichtiger als je zuvor.<!--more--><\/p>\n<p>Seit 2015 wird in Rheinland-Pfalz das Projekt GemeindeschwesterPlus mit gro\u00dfem Erfolg durchgef\u00fchrt. Zun\u00e4chst als Pilotprojekt in sieben Kommunen gestartet, hat sich das pr\u00e4ventive, gesundheitsf\u00f6rdernde und einsamkeitsmindernde Projekt heute in Rheinland-Pfalz als Landesprogramm etabliert und wird derzeit in 16 Landkreisen, 8 kreisfreien St\u00e4dten, 3 Verbandsgemeinden und einer verbandsfreien Gemeinde angeboten. Bis 2026 soll das Angebot fl\u00e4chendeckend ausgebaut sein.<\/p>\n<p>Das Projekt richtet sich an hochbetagte Menschen \u00fcber 80 Jahre, die noch in den eigenen vier W\u00e4nden leben und noch keine Pflege ben\u00f6tigen. Die Idee ist es den Menschen Beratung und Unterst\u00fctzung zuhause zukommen zu lassen, Pflegebed\u00fcrftigkeit hinauszuz\u00f6gern und Ansprechperson zu sein.<\/p>\n<p>Gleichzeitig initiieren die Gemeindeschwestern auch soziale Angebote vor Ort, die gesundheits- und selbstst\u00e4ndigkeitsf\u00f6rdernd sind. Zugleich vermitteln sie in bereits bestehende gut erreichbare und passende Angebote wie Seniorentreffs, Bewegungsangebote oder Kurse vor Ort. Sie sind damit ein wichtiges Instrument zur wohnortnahen Vernetzung der Menschen, sind Ansprechperson auf lokaler Ebene und st\u00e4rken gleichzeitig bereits vorhandene Strukturen.<\/p>\n","protected":false},"excerpt":{"rendered":"<p>In einer alternden Gesellschaft, stellen auch soziale Isolation und Einsamkeit im Alter sowie die Aufrechterhaltung von Selbstst\u00e4ndigkeit im eigenen Zuhause die Gesellschaft und die Politik vor neue Herausforderungen. Einsamkeit betrifft&hellip; <\/p>\n","protected":false},"author":1,"featured_media":0,"comment_status":"closed","ping_status":"closed","sticky":false,"template":"","format":"standard","meta":{"footnotes":""},"categories":[4120,216,854],"tags":[3939,3940,3941,472,3942,3105],"quellen":[1317],"class_list":["post-11198","post","type-post","status-publish","format-standard","hentry","category-die-woche-im-landtag","category-land","category-senioren","tag-einsamkeit","tag-gemeindeschwesterplus","tag-hochbetagte","tag-pflege","tag-pflegebeduerftigkeit","tag-rheinland-pfalz","quellen-mdl-sonja-bongers"],"_links":{"self":[{"href":"https:\/\/meier-gerdingh.de\/wp-spd-ob\/wp-json\/wp\/v2\/posts\/11198","targetHints":{"allow":["GET"]}}],"collection":[{"href":"https:\/\/meier-gerdingh.de\/wp-spd-ob\/wp-json\/wp\/v2\/posts"}],"about":[{"href":"https:\/\/meier-gerdingh.de\/wp-spd-ob\/wp-json\/wp\/v2\/types\/post"}],"author":[{"embeddable":true,"href":"https:\/\/meier-gerdingh.de\/wp-spd-ob\/wp-json\/wp\/v2\/users\/1"}],"replies":[{"embeddable":true,"href":"https:\/\/meier-gerdingh.de\/wp-spd-ob\/wp-json\/wp\/v2\/comments?post=11198"}],"version-history":[{"count":0,"href":"https:\/\/meier-gerdingh.de\/wp-spd-ob\/wp-json\/wp\/v2\/posts\/11198\/revisions"}],"wp:attachment":[{"href":"https:\/\/meier-gerdingh.de\/wp-spd-ob\/wp-json\/wp\/v2\/media?parent=11198"}],"wp:term":[{"taxonomy":"category","embeddable":true,"href":"https:\/\/meier-gerdingh.de\/wp-spd-ob\/wp-json\/wp\/v2\/categories?post=11198"},{"taxonomy":"post_tag","embeddable":true,"href":"https:\/\/meier-gerdingh.de\/wp-spd-ob\/wp-json\/wp\/v2\/tags?post=11198"},{"taxonomy":"quellen","embeddable":true,"href":"https:\/\/meier-gerdingh.de\/wp-spd-ob\/wp-json\/wp\/v2\/quellen?post=11198"}],"curies":[{"name":"wp","href":"https:\/\/api.w.org\/{rel}","templated":true}]}}