{"id":11205,"date":"2024-03-02T17:25:38","date_gmt":"2024-03-02T16:25:38","guid":{"rendered":"https:\/\/meier-gerdingh.de\/wp-spd-ob\/?p=11205"},"modified":"2024-03-16T19:55:36","modified_gmt":"2024-03-16T18:55:36","slug":"kann-das-risiko-fuer-die-buerger-akzeptiert-werden-spd-stellt-fragen-zum-ruhrdeich","status":"publish","type":"post","link":"https:\/\/meier-gerdingh.de\/wp-spd-ob\/2024\/03\/02\/kann-das-risiko-fuer-die-buerger-akzeptiert-werden-spd-stellt-fragen-zum-ruhrdeich\/","title":{"rendered":"&#8222;Kann das Risiko f\u00fcr die B\u00fcrger akzeptiert werden?&#8220; \u2013 SPD stellt Fragen zum Ruhrdeich"},"content":{"rendered":"<p><a href=\"https:\/\/meier-gerdingh.de\/wp-spd-ob\/wp-content\/uploads\/2023\/02\/banner-ov-west-700.png\"><img decoding=\"async\" class=\"aligncenter size-full wp-image-10153\" src=\"https:\/\/meier-gerdingh.de\/wp-spd-ob\/wp-content\/uploads\/2023\/02\/banner-ov-west-700.png\" alt=\"\" width=\"700\" height=\"183\" srcset=\"https:\/\/meier-gerdingh.de\/wp-spd-ob\/wp-content\/uploads\/2023\/02\/banner-ov-west-700.png 700w, https:\/\/meier-gerdingh.de\/wp-spd-ob\/wp-content\/uploads\/2023\/02\/banner-ov-west-700-300x78.png 300w\" sizes=\"(max-width: 700px) 100vw, 700px\" \/><\/a>Das Weihnachtshochwasser hat gegen Ende des letzten Jahres den Oberhausener Stadtteil Alstaden \u00fcber mehrere Tage in Atem gehalten. Zum wiederholten Mal, davor zuletzt im Sommer 2021, haben die B\u00fcrgerinnen und B\u00fcrger besorgt auf die Pegelst\u00e4nde der Ruhr geschaut und sich gefragt: H\u00e4lt der Deich?<\/p>\n<div id=\"attachment_11144\" style=\"width: 710px\" class=\"wp-caption aligncenter\"><a href=\"https:\/\/meier-gerdingh.de\/wp-spd-ob\/wp-content\/uploads\/2024\/01\/ruhrdeich-24-lg.jpg\"><img aria-describedby=\"caption-attachment-11144\" decoding=\"async\" class=\"size-full wp-image-11144\" src=\"https:\/\/meier-gerdingh.de\/wp-spd-ob\/wp-content\/uploads\/2024\/01\/ruhrdeich-24.jpg\" alt=\"\" width=\"700\" height=\"363\" srcset=\"https:\/\/meier-gerdingh.de\/wp-spd-ob\/wp-content\/uploads\/2024\/01\/ruhrdeich-24.jpg 700w, https:\/\/meier-gerdingh.de\/wp-spd-ob\/wp-content\/uploads\/2024\/01\/ruhrdeich-24-300x156.jpg 300w\" sizes=\"(max-width: 700px) 100vw, 700px\" \/><\/a><p id=\"caption-attachment-11144\" class=\"wp-caption-text\">Dieses Mal hat der Ruhrdeich noch gehalten, aber das n\u00e4chste Hochwasser kommt bestimmt. Eine schnelle Sanierung muss deshalb h\u00f6chste Priorit\u00e4t haben.<\/p><\/div>\n<p>In den Folgewochen erreichten den SPD-Ortsverein Oberhausen-West, der f\u00fcr Alstaden und Lirich zust\u00e4ndig ist, zahlreiche Anfragen aus der B\u00fcrgerschaft zur Lage rund um das Hochwasser und den Ruhrdeich. &#8222;Wir alle sind keine Deichbauingenieure&#8220;, sagt Sonja Bongers, Mitglied des Landtags und stellvertretende Ortsvereinsvorsitzende, &#8222;aber wir k\u00f6nnen viele Fragen der B\u00fcrgerinnen und B\u00fcrger gut nachvollziehen und erwarten von der Verwaltung Antworten hierauf.&#8220;<\/p>\n<p>Aus den Fragen der B\u00fcrgerinnen und B\u00fcrger entwickelte der SPD-Ortsverein gemeinsam mit den Fachpolitikern der SPD-Fraktion im Rat der Stadt und in der Bezirksvertretung Alt-Oberhausen einen Fragenkatalog, der an die Verwaltung geschickt wurde.<\/p>\n<p><br \/>\n<!--more--><\/p>\n<p>Die SPD fragt unter anderem, ob der Deichabschnitt am Ruhrpark auf seiner gesamten L\u00e4nge sanierungsf\u00e4hig sei und ob es Bereiche gebe, die ggf. neugebaut werden m\u00fcssen. Auch wird gefragt, ob und wann die akuten Besch\u00e4digungen des Deiches auf H\u00f6he des Ruhrparks behoben werden k\u00f6nnen.<\/p>\n<p>Zudem bittet die SPD um eine Einsch\u00e4tzung des Riskos f\u00fcr die Bev\u00f6lkerung und fragt nach m\u00f6glichen Sofortma\u00dfnahmen.<\/p>\n<p>Au\u00dferdem geht die SPD einem Hinweis des Alstadener B\u00fcrgerring nach und stellt die Frage, ob der Deichverteidigungsweg zwingend, wie derzeit vorsehen, mit einer Asphaltspur ausgestattet werden m\u00fcsse oder ob auch eine unversiegelte Ausgestaltung des Weges m\u00f6glich ist, um den Naherholungswert des Ruhrparks so wenig wie m\u00f6glich zu beeintr\u00e4chtigen.<\/p>\n<p>Der gesamte Fragenkatalog ist auch im Allris-Ratsinformationssystem unter der Vorlagennummer <a href=\"https:\/\/allris.oberhausen.de\/bi\/vo020.asp?VOLFDNR=18624\">A\/17\/4600-01<\/a> f\u00fcr alle interessierten B\u00fcrgerinnen und B\u00fcrger abrufbar.<\/p>\n<p>Die Fragen sollen in der <a href=\"https:\/\/allris.oberhausen.de\/bi\/to010.asp?SILFDNR=7703\">Sitzung des Umweltausschuss am 6. M\u00e4rz 2024 um 15 Uhr<\/a> behandelt werden. Die Sitzung findet im Rathaus Oberhausen statt und ist \u00f6ffentlich.<\/p>\n","protected":false},"excerpt":{"rendered":"<p>Das Weihnachtshochwasser hat gegen Ende des letzten Jahres den Oberhausener Stadtteil Alstaden \u00fcber mehrere Tage in Atem gehalten. Zum wiederholten Mal, davor zuletzt im Sommer 2021, haben die B\u00fcrgerinnen und&hellip; <\/p>\n","protected":false},"author":1,"featured_media":0,"comment_status":"closed","ping_status":"closed","sticky":false,"template":"","format":"standard","meta":{"footnotes":""},"categories":[7,167,29],"tags":[134,3948,3923,3000,3872,3871,3703,3924,3862,1853,30],"quellen":[335],"class_list":["post-11205","post","type-post","status-publish","format-standard","hentry","category-sicherheit","category-stadtteile","category-umwelt","tag-alstaden","tag-alstadener-buergerring","tag-fragen-an-die-verwaltung","tag-hochwasserschutz","tag-katastrophenschutz","tag-ruhr","tag-ruhrdeich","tag-ruhrdeichsanierung","tag-ruhrhochwasser","tag-ruhrpark","tag-umweltausschuss","quellen-ov-west"],"_links":{"self":[{"href":"https:\/\/meier-gerdingh.de\/wp-spd-ob\/wp-json\/wp\/v2\/posts\/11205","targetHints":{"allow":["GET"]}}],"collection":[{"href":"https:\/\/meier-gerdingh.de\/wp-spd-ob\/wp-json\/wp\/v2\/posts"}],"about":[{"href":"https:\/\/meier-gerdingh.de\/wp-spd-ob\/wp-json\/wp\/v2\/types\/post"}],"author":[{"embeddable":true,"href":"https:\/\/meier-gerdingh.de\/wp-spd-ob\/wp-json\/wp\/v2\/users\/1"}],"replies":[{"embeddable":true,"href":"https:\/\/meier-gerdingh.de\/wp-spd-ob\/wp-json\/wp\/v2\/comments?post=11205"}],"version-history":[{"count":0,"href":"https:\/\/meier-gerdingh.de\/wp-spd-ob\/wp-json\/wp\/v2\/posts\/11205\/revisions"}],"wp:attachment":[{"href":"https:\/\/meier-gerdingh.de\/wp-spd-ob\/wp-json\/wp\/v2\/media?parent=11205"}],"wp:term":[{"taxonomy":"category","embeddable":true,"href":"https:\/\/meier-gerdingh.de\/wp-spd-ob\/wp-json\/wp\/v2\/categories?post=11205"},{"taxonomy":"post_tag","embeddable":true,"href":"https:\/\/meier-gerdingh.de\/wp-spd-ob\/wp-json\/wp\/v2\/tags?post=11205"},{"taxonomy":"quellen","embeddable":true,"href":"https:\/\/meier-gerdingh.de\/wp-spd-ob\/wp-json\/wp\/v2\/quellen?post=11205"}],"curies":[{"name":"wp","href":"https:\/\/api.w.org\/{rel}","templated":true}]}}