{"id":1122,"date":"2014-02-14T17:00:00","date_gmt":"2014-02-14T15:00:00","guid":{"rendered":"http:\/\/www.meier-gerdingh.de\/spd-oberhausen\/wp\/?p=1122"},"modified":"2017-01-03T17:08:34","modified_gmt":"2017-01-03T16:08:34","slug":"oberhausen-kann-schulsozialarbeit-erhalten","status":"publish","type":"post","link":"https:\/\/meier-gerdingh.de\/wp-spd-ob\/2014\/02\/14\/oberhausen-kann-schulsozialarbeit-erhalten\/","title":{"rendered":"Oberhausen kann Schulsozialarbeit erhalten"},"content":{"rendered":"<div id=\"attachment_1483\" style=\"width: 210px\" class=\"wp-caption alignleft\"><a href=\"http:\/\/meier-gerdingh.de\/wp-spd-ob\/wp-content\/uploads\/landtag_nrw.jpg\"><img aria-describedby=\"caption-attachment-1483\" decoding=\"async\" class=\"size-full wp-image-1483\" src=\"http:\/\/meier-gerdingh.de\/wp-spd-ob\/wp-content\/uploads\/landtag_nrw.jpg\" alt=\"Der Landtag von Nordrhein-Westfalen\" width=\"200\" height=\"160\" \/><\/a><p id=\"caption-attachment-1483\" class=\"wp-caption-text\">Der Landtag von Nordrhein-Westfalen<\/p><\/div>\n<p>&#8222;Wir werden die Schulsozialarbeit auch \u00fcber 2014 hinaus weiterf\u00fchren&#8220;, freut sich Stefan Zimkeit \u00fcber die Mitteilung des NRW-Innen- und des Sozialministeriums, die f\u00fcr rechtliche Klarheit sorgt. &#8222;Auch St\u00e4rkungspaktkommunen d\u00fcrfen die Restmittel aus dem mittlerweile beendeten Bundesprogramm f\u00fcr die Schulen verwenden&#8220;, so Zimkeit. Der schulpolitischer Sprecher der SPD-Ratsfraktion fordert eine Neuausrichtung der F\u00f6rderangebote f\u00fcr Sch\u00fclerinnen und Sch\u00fcler ein. Hierzu solle auch die Zusammenarbeit der Jugendhilfe mit der Schulsozialarbeit weiter intensiviert werden.<!--more--><\/p>\n<p>SPD-Fraktionschef Wolfgang Gro\u00dfe Br\u00f6mer erg\u00e4nzt: &#8222;Die Verwaltung muss jetzt eine Gesamtkonzeption vorlegen, die ein m\u00f6glichst bedarfsgerechtes Angebot im Stadtgebiet sicherstellt.&#8220; Daf\u00fcr w\u00fcrden sowohl die Restmittel des Bundesprogramms als auch eigene kommunale Mittel verwendet. Der Bund hatte auf Druck der Bundesl\u00e4nder den Kommunen zwischen 2011 und 2013 umfassende finanzielle Hilfen f\u00fcr die Sozialarbeit an Schulen zukommen lassen.<\/p>\n<p>Die beiden SPD-Landtagsabgeordneten kritisieren die ehemalige schwarz-gelbe Bundesregierung daf\u00fcr, dass sie dieses wichtige Programm hatte auslaufen lassen. &#8222;Leider ist es in den Koalitionsverhandlungen der SPD nicht gelungen, diesen Beschluss gegen den Widerstand von CDU\/CSU r\u00fcckg\u00e4ngig zu machen&#8220;, bedauert Gro\u00dfe Br\u00f6mer.<\/p>\n","protected":false},"excerpt":{"rendered":"<p>&#8222;Wir werden die Schulsozialarbeit auch \u00fcber 2014 hinaus weiterf\u00fchren&#8220;, freut sich Stefan Zimkeit \u00fcber die Mitteilung des NRW-Innen- und des Sozialministeriums, die f\u00fcr rechtliche Klarheit sorgt. &#8222;Auch St\u00e4rkungspaktkommunen d\u00fcrfen die&hellip; <\/p>\n","protected":false},"author":1,"featured_media":0,"comment_status":"closed","ping_status":"closed","sticky":false,"template":"","format":"standard","meta":{"footnotes":""},"categories":[2],"tags":[448,123],"quellen":[331,329],"class_list":["post-1122","post","type-post","status-publish","format-standard","hentry","category-schule","tag-schule","tag-schulsozialarbeit","quellen-mdl-stefan-zimkeit","quellen-mdl-wolfgang-grosse-broemer"],"_links":{"self":[{"href":"https:\/\/meier-gerdingh.de\/wp-spd-ob\/wp-json\/wp\/v2\/posts\/1122","targetHints":{"allow":["GET"]}}],"collection":[{"href":"https:\/\/meier-gerdingh.de\/wp-spd-ob\/wp-json\/wp\/v2\/posts"}],"about":[{"href":"https:\/\/meier-gerdingh.de\/wp-spd-ob\/wp-json\/wp\/v2\/types\/post"}],"author":[{"embeddable":true,"href":"https:\/\/meier-gerdingh.de\/wp-spd-ob\/wp-json\/wp\/v2\/users\/1"}],"replies":[{"embeddable":true,"href":"https:\/\/meier-gerdingh.de\/wp-spd-ob\/wp-json\/wp\/v2\/comments?post=1122"}],"version-history":[{"count":0,"href":"https:\/\/meier-gerdingh.de\/wp-spd-ob\/wp-json\/wp\/v2\/posts\/1122\/revisions"}],"wp:attachment":[{"href":"https:\/\/meier-gerdingh.de\/wp-spd-ob\/wp-json\/wp\/v2\/media?parent=1122"}],"wp:term":[{"taxonomy":"category","embeddable":true,"href":"https:\/\/meier-gerdingh.de\/wp-spd-ob\/wp-json\/wp\/v2\/categories?post=1122"},{"taxonomy":"post_tag","embeddable":true,"href":"https:\/\/meier-gerdingh.de\/wp-spd-ob\/wp-json\/wp\/v2\/tags?post=1122"},{"taxonomy":"quellen","embeddable":true,"href":"https:\/\/meier-gerdingh.de\/wp-spd-ob\/wp-json\/wp\/v2\/quellen?post=1122"}],"curies":[{"name":"wp","href":"https:\/\/api.w.org\/{rel}","templated":true}]}}