{"id":11248,"date":"2024-03-04T14:44:33","date_gmt":"2024-03-04T13:44:33","guid":{"rendered":"https:\/\/meier-gerdingh.de\/wp-spd-ob\/?p=11248"},"modified":"2024-03-04T14:44:33","modified_gmt":"2024-03-04T13:44:33","slug":"axel-scherer-fuehrt-erneut-spd-in-mitte-an","status":"publish","type":"post","link":"https:\/\/meier-gerdingh.de\/wp-spd-ob\/2024\/03\/04\/axel-scherer-fuehrt-erneut-spd-in-mitte-an\/","title":{"rendered":"Axel Scherer f\u00fchrt erneut SPD in Mitte an"},"content":{"rendered":"<div id=\"attachment_11246\" style=\"width: 710px\" class=\"wp-caption aligncenter\"><a href=\"https:\/\/meier-gerdingh.de\/wp-spd-ob\/wp-content\/uploads\/2024\/03\/ov-mitte-jhv-2024-lg.jpg\"><img aria-describedby=\"caption-attachment-11246\" decoding=\"async\" class=\"size-full wp-image-11246\" src=\"https:\/\/meier-gerdingh.de\/wp-spd-ob\/wp-content\/uploads\/2024\/03\/ov-mitte-jhv-2024.jpg\" alt=\"\" width=\"700\" height=\"252\" srcset=\"https:\/\/meier-gerdingh.de\/wp-spd-ob\/wp-content\/uploads\/2024\/03\/ov-mitte-jhv-2024.jpg 700w, https:\/\/meier-gerdingh.de\/wp-spd-ob\/wp-content\/uploads\/2024\/03\/ov-mitte-jhv-2024-300x108.jpg 300w\" sizes=\"(max-width: 700px) 100vw, 700px\" \/><\/a><p id=\"caption-attachment-11246\" class=\"wp-caption-text\">In den R\u00e4umen des Kulturzentrums K14 kamen die Mitglieder des SPD-Ortsvereins Mitte zu ihrer Jahreshauptversammlung zusammen. Axel J. Scherer (Mitte) ist erneut zum Vorsitzenden gew\u00e4hlt worden. (Foto: SPD OV-Mitte)<\/p><\/div>\n<p>Die turnusm\u00e4\u00dfigen Vorstandswahlen waren ein Tagesordnungspunkt auf der Jahreshauptversammlung des SPD-Ortsvereins Mitte im Kulturzentrum K 14. Nachdem feststand, dass der aktuelle Vorsitzende, Christoph Knepper, sich aktuell verst\u00e4rkt seinem Studium widmen wird und aus diesem Grund sein Amt zur Verf\u00fcgung stellen muss, erkl\u00e4rte sich sein Vorg\u00e4nger, der Stadtverordnete Axel J. Scherer, bereit f\u00fcr eine erneute Kandidatur. Dies traf auch auf die Zustimmung der Mitglieder: Axel Scherer wurde ebenso einstimmig gew\u00e4hlt wie seine Stellvertreterin, die Integrationsratsvorsitzende Nagihan Erdas, und Gesch\u00e4ftsf\u00fchrer Joachim B\u00e4umer.<\/p>\n<p>\u00dcber eine ebenso gro\u00dfe Zustimmung konnten sich Yannik Berg (Schriftf\u00fchrer), Kassiererin Andrea Samotta und die neue Mitgliederbeauftragte, Theater-Schauspielerin Regina Leenders, freuen.<!--more--><\/p>\n<p>Neben den Wahlen bestimmten Themen aus dem Einzugsgebiet des Ortsvereins den Abend. Neben einem Blick auf die vergangenen Aktivit\u00e4ten schauten die Sozialdemokratinnen und -demokraten aus Mitte auch in die Zukunft und auf Projekte, die sie in diesem Jahr angehen wollen.<\/p>\n<p>Dabei kristallisierte sich vor allem eine Idee heraus: &#8222;Wir wollen uns daf\u00fcr einsetzen, dass das alte P&amp;C-Geb\u00e4ude k\u00fcnftig als Co-Working-Space und Gr\u00fcnderzentrum genutzt wird&#8220;, erkl\u00e4rt Axel J. Scherer. In fr\u00fcheren Zeiten sei dies kein Thema gewesen, da P&amp;C seine Immobilien nicht verkauft habe \u2013 dies habe sich nun ge\u00e4ndert.<\/p>\n<p>&#8222;Unser TZU ist au\u00dferdem kein Gr\u00fcnderzentrum mehr&#8220;, so der Stadtverordnete. &#8222;Wir brauchen aber einen Ort, der Jungunternehmer und Neugr\u00fcnder anzieht, ihnen auch finanziell ein gutes Angebot unterbreiten kann.&#8220; Am Zug sieht der Ortsverein dabei die neue st\u00e4dtische Immobiliengesellschaft.<\/p>\n<p>Ein weiteres wichtiges Thema f\u00fcr die SPD aus Mitte ist nach wie vor studentisches Wohnen in der Innenstadt. &#8222;Wir liegen genau zwischen Duisburg und Essen, haben in der Innenstadt ein breites Kultur- und Gastronomieangebot \u2013 da m\u00fcsste Oberhausen als Wohnort f\u00fcr Studierende noch viel attraktiver sein als zurzeit&#8220;, so Scherer.<\/p>\n<p>Bei seinen Vorhaben will der Ortsverein nun die gleiche Hartn\u00e4ckigkeit an den Tag legen wie in Sachen Br\u00fcckenschlag: Nachdem sich gerade die Stadtverordneten und Bezirksvertretungsmitglieder aus Mitte besonders engagierten und verst\u00e4rkt nach- und hinterfragten, bekam das Projekt auch einen neuen Drive.<\/p>\n","protected":false},"excerpt":{"rendered":"<p>Die turnusm\u00e4\u00dfigen Vorstandswahlen waren ein Tagesordnungspunkt auf der Jahreshauptversammlung des SPD-Ortsvereins Mitte im Kulturzentrum K 14. Nachdem feststand, dass der aktuelle Vorsitzende, Christoph Knepper, sich aktuell verst\u00e4rkt seinem Studium widmen&hellip; <\/p>\n","protected":false},"author":1,"featured_media":0,"comment_status":"closed","ping_status":"closed","sticky":false,"template":"","format":"standard","meta":{"footnotes":""},"categories":[173,2169,178],"tags":[359,3952,71,3949,3951,3953,3950,1749],"quellen":[333],"class_list":["post-11248","post","type-post","status-publish","format-standard","hentry","category-parteileben","category-personalien","category-wahlen","tag-innenstadt-alt-oberhausen","tag-innenstadt-immobilien","tag-jahreshauptversammlung","tag-pc-gebaeude","tag-staedtische-immobiliengesellschaft","tag-studentisches-wohnen","tag-technologiezentrum-umwelt","tag-tzu","quellen-ov-mitte"],"_links":{"self":[{"href":"https:\/\/meier-gerdingh.de\/wp-spd-ob\/wp-json\/wp\/v2\/posts\/11248","targetHints":{"allow":["GET"]}}],"collection":[{"href":"https:\/\/meier-gerdingh.de\/wp-spd-ob\/wp-json\/wp\/v2\/posts"}],"about":[{"href":"https:\/\/meier-gerdingh.de\/wp-spd-ob\/wp-json\/wp\/v2\/types\/post"}],"author":[{"embeddable":true,"href":"https:\/\/meier-gerdingh.de\/wp-spd-ob\/wp-json\/wp\/v2\/users\/1"}],"replies":[{"embeddable":true,"href":"https:\/\/meier-gerdingh.de\/wp-spd-ob\/wp-json\/wp\/v2\/comments?post=11248"}],"version-history":[{"count":0,"href":"https:\/\/meier-gerdingh.de\/wp-spd-ob\/wp-json\/wp\/v2\/posts\/11248\/revisions"}],"wp:attachment":[{"href":"https:\/\/meier-gerdingh.de\/wp-spd-ob\/wp-json\/wp\/v2\/media?parent=11248"}],"wp:term":[{"taxonomy":"category","embeddable":true,"href":"https:\/\/meier-gerdingh.de\/wp-spd-ob\/wp-json\/wp\/v2\/categories?post=11248"},{"taxonomy":"post_tag","embeddable":true,"href":"https:\/\/meier-gerdingh.de\/wp-spd-ob\/wp-json\/wp\/v2\/tags?post=11248"},{"taxonomy":"quellen","embeddable":true,"href":"https:\/\/meier-gerdingh.de\/wp-spd-ob\/wp-json\/wp\/v2\/quellen?post=11248"}],"curies":[{"name":"wp","href":"https:\/\/api.w.org\/{rel}","templated":true}]}}