{"id":11252,"date":"2024-03-08T14:35:55","date_gmt":"2024-03-08T13:35:55","guid":{"rendered":"https:\/\/meier-gerdingh.de\/wp-spd-ob\/?p=11252"},"modified":"2024-03-08T14:42:15","modified_gmt":"2024-03-08T13:42:15","slug":"spd-ortsverein-alsfeld-holten-besucht-die-alsbachtal-ggmbh-in-oberhausen-und-waehlt-neuen-vorstand","status":"publish","type":"post","link":"https:\/\/meier-gerdingh.de\/wp-spd-ob\/2024\/03\/08\/spd-ortsverein-alsfeld-holten-besucht-die-alsbachtal-ggmbh-in-oberhausen-und-waehlt-neuen-vorstand\/","title":{"rendered":"SPD-Ortsverein Alsfeld-Holten besucht die Alsbachtal gGmbH in Oberhausen und w\u00e4hlt neuen Vorstand"},"content":{"rendered":"<div id=\"attachment_11250\" style=\"width: 710px\" class=\"wp-caption aligncenter\"><a href=\"https:\/\/meier-gerdingh.de\/wp-spd-ob\/wp-content\/uploads\/2024\/03\/ov-alsfeld-holten-jhv-2024-alsbachtal-lg.jpg\"><img aria-describedby=\"caption-attachment-11250\" decoding=\"async\" class=\"size-full wp-image-11250\" src=\"https:\/\/meier-gerdingh.de\/wp-spd-ob\/wp-content\/uploads\/2024\/03\/ov-alsfeld-holten-jhv-2024-alsbachtal.jpg\" alt=\"\" width=\"700\" height=\"213\" srcset=\"https:\/\/meier-gerdingh.de\/wp-spd-ob\/wp-content\/uploads\/2024\/03\/ov-alsfeld-holten-jhv-2024-alsbachtal.jpg 700w, https:\/\/meier-gerdingh.de\/wp-spd-ob\/wp-content\/uploads\/2024\/03\/ov-alsfeld-holten-jhv-2024-alsbachtal-300x91.jpg 300w\" sizes=\"(max-width: 700px) 100vw, 700px\" \/><\/a><p id=\"caption-attachment-11250\" class=\"wp-caption-text\">Der SPD-Ortsverein Alsfeld-Holten besuchte die Alsbachtal gGmbH und f\u00fchrte dort a\u00fach seine Jahreshauptversammlung durch<\/p><\/div>\n<p>Der SPD-Ortsverein Alsfeld-Holten hat im Rahmen seiner Mitgliederversammlung die Alsbachtal gGmbH &#8211; Verein f\u00fcr k\u00f6rper- und mehrfachbehinderte Menschen besucht und einen neuen Vorstand gew\u00e4hlt.<\/p>\n<p>Mit gro\u00dfem Interesse fand der Austausch zwischen der Gesch\u00e4ftsf\u00fchrerin Alexandra Niehls, der zust\u00e4ndigen Bereichsleitung f\u00fcr Oberhausen Julia Hagenberger und den SPD-Mitgliedern statt. Die Einrichtung f\u00fcr Menschen mit Behinderung mit Sitz im Oberhausener Norden gibt es schon seit \u00fcber 60 Jahren. Dabei ist sie u.a. in den Bereichen Familie, Erwachsene und Therapie unterwegs. Der Besuch bot eine wertvolle Gelegenheit, die Arbeit und die Herausforderungen n\u00e4her kennenzulernen.<!--more--><\/p>\n<p>Besonders hervorzuheben ist der akute Mangel an Pl\u00e4tzen f\u00fcr Menschen mit Behinderungen, der zum einen mit dem Raumangebot, zum anderen mit der herrschenden Unterfinanzierung vieler Angebote und dem Fachkr\u00e4ftemangel zu tun hat. An dieser Stelle w\u00fcrde die gGmbH gerne anders agieren und sucht \u2013 auch f\u00fcr die Zukunft \u2013 Mittel und Wege genau dies zu tun.<\/p>\n<p>Die Mitglieder des Ortsvereins zeigten sich beeindruckt von dem gebotenen Engagement und der Vielfalt des Angebots. Es wurde deutlich, dass die Organisation einen wichtigen Beitrag zur St\u00e4rkung des sozialen Gef\u00fcges leistet und eine inklusive Gesellschaft aktiv f\u00f6rdert.<\/p>\n<p>Um direkt diese wichtige Arbeit zu unterst\u00fctzen, wurden spontan 205 Euro unter den Mitgliedern gesammelt und im Anschluss an den Verein \u00fcbergeben.<\/p>\n<p>Als zweiter Punkt stand die Vorstands- und Delegiertenwahl auf der Agenda. Die Wahl wurde von einer Atmosph\u00e4re des Zusammenhalts und des Aufbruchs \u2013 besonders im Hinblick auf die Kommunalwahl 2025 \u2013 gepr\u00e4gt. Das Team m\u00f6chte mit der breiten Unterst\u00fctzung der Mitglieder das politische und gesellschaftliche Leben in Alsfeld-Holten weiterhin aktiv gestalten.<\/p>\n<p>Die erneut gew\u00e4hlte<strong> Vorsitzende Lena Kamps-Engel<\/strong> wird unterst\u00fctzt von ihren Stellvertretern Helmuth Eidam und dem Stadtverordneten von Holten Helmut Brodrick.<\/p>\n<p>Als <strong>Kassierer<\/strong> wurde <strong>Norbert Nadolski<\/strong> ebenso best\u00e4tigt wie <strong>J\u00f6rg Chlebowski<\/strong> als <strong>Schriftf\u00fchrer<\/strong>.<\/p>\n<p><strong>Beisitzende<\/strong> wurden <strong>Thorsten Berg<\/strong>, <strong>Matthias Brodrick<\/strong>, <strong>Ugur Coskun<\/strong>, <strong>Karsten Jurzik<\/strong>, <strong>Michael Pfitzner<\/strong>, <strong>Yvonne Sch\u00fctz<\/strong>, <strong>Kai Wesely<\/strong>, <strong>Hans-G\u00fcnter Wrobel<\/strong> und <strong>Benno Ziermann<\/strong>.<\/p>\n<p><strong>Uschi Dorroch<\/strong>, <strong>Bernd Oesterschlink<\/strong> und <strong>Olaf Rabsilber<\/strong> \u00fcbernehmen die wichtige Aufgabe der <strong>Kassenpr\u00fcfung<\/strong>.<\/p>\n<p>Lena Kamps-Engel betont: &#8222;Die gew\u00e4hlten Vorstandsmitglieder bringen eine vielf\u00e4ltige Mischung aus Erfahrung, Engagement und frischen Ideen mit, um die Anliegen der B\u00fcrgerinnen und B\u00fcrger von Alsfeld-Holten bestm\u00f6glich zu vertreten und umzusetzen. Ich freue mich auf die kommende Zeit.&#8220;<\/p>\n<p>Ebenso durfte sich das Mitglied Lothar Nastvogel \u00fcber einen 50 Euro-CentrO.-Gutschein freuen. Diesen gewann er bei der On- und Offline-Umfrage unter den Ortsvereinsmitgliedern \u00fcber ihre W\u00fcnsche und Vorstellungen zur aktuellen Ortsvereinsarbeit.<\/p>\n","protected":false},"excerpt":{"rendered":"<p>Der SPD-Ortsverein Alsfeld-Holten hat im Rahmen seiner Mitgliederversammlung die Alsbachtal gGmbH &#8211; Verein f\u00fcr k\u00f6rper- und mehrfachbehinderte Menschen besucht und einen neuen Vorstand gew\u00e4hlt. Mit gro\u00dfem Interesse fand der Austausch&hellip; <\/p>\n","protected":false},"author":1,"featured_media":0,"comment_status":"closed","ping_status":"closed","sticky":false,"template":"","format":"standard","meta":{"footnotes":""},"categories":[589,173,178],"tags":[284,3954,152,71,361,681],"quellen":[336],"class_list":["post-11252","post","type-post","status-publish","format-standard","hentry","category-inklusion","category-parteileben","category-wahlen","tag-alsbachtal","tag-alsbachtal-ggmbh","tag-delegiertenwahlen","tag-jahreshauptversammlung","tag-menschen-mit-behinderungen","tag-vorstandswahlen","quellen-ov-alsfeld-holten"],"_links":{"self":[{"href":"https:\/\/meier-gerdingh.de\/wp-spd-ob\/wp-json\/wp\/v2\/posts\/11252","targetHints":{"allow":["GET"]}}],"collection":[{"href":"https:\/\/meier-gerdingh.de\/wp-spd-ob\/wp-json\/wp\/v2\/posts"}],"about":[{"href":"https:\/\/meier-gerdingh.de\/wp-spd-ob\/wp-json\/wp\/v2\/types\/post"}],"author":[{"embeddable":true,"href":"https:\/\/meier-gerdingh.de\/wp-spd-ob\/wp-json\/wp\/v2\/users\/1"}],"replies":[{"embeddable":true,"href":"https:\/\/meier-gerdingh.de\/wp-spd-ob\/wp-json\/wp\/v2\/comments?post=11252"}],"version-history":[{"count":0,"href":"https:\/\/meier-gerdingh.de\/wp-spd-ob\/wp-json\/wp\/v2\/posts\/11252\/revisions"}],"wp:attachment":[{"href":"https:\/\/meier-gerdingh.de\/wp-spd-ob\/wp-json\/wp\/v2\/media?parent=11252"}],"wp:term":[{"taxonomy":"category","embeddable":true,"href":"https:\/\/meier-gerdingh.de\/wp-spd-ob\/wp-json\/wp\/v2\/categories?post=11252"},{"taxonomy":"post_tag","embeddable":true,"href":"https:\/\/meier-gerdingh.de\/wp-spd-ob\/wp-json\/wp\/v2\/tags?post=11252"},{"taxonomy":"quellen","embeddable":true,"href":"https:\/\/meier-gerdingh.de\/wp-spd-ob\/wp-json\/wp\/v2\/quellen?post=11252"}],"curies":[{"name":"wp","href":"https:\/\/api.w.org\/{rel}","templated":true}]}}