{"id":1126,"date":"2014-02-26T17:00:00","date_gmt":"2014-02-26T15:00:00","guid":{"rendered":"http:\/\/www.meier-gerdingh.de\/spd-oberhausen\/wp\/?p=1126"},"modified":"2017-01-03T17:05:54","modified_gmt":"2017-01-03T16:05:54","slug":"viel-laerm-um-nichts-in-sterkrade","status":"publish","type":"post","link":"https:\/\/meier-gerdingh.de\/wp-spd-ob\/2014\/02\/26\/viel-laerm-um-nichts-in-sterkrade\/","title":{"rendered":"Viel L\u00e4rm um Nichts in Sterkrade"},"content":{"rendered":"<div style=\"width: 150px\" class=\"wp-caption alignleft\"><a href=\"http:\/\/meier-gerdingh.de\/wp-spd-ob\/wp-content\/uploads\/janssen_dieter_09.jpg\"><img decoding=\"async\" class=\"size-full\" src=\"http:\/\/meier-gerdingh.de\/wp-spd-ob\/wp-content\/uploads\/janssen_dieter_09.jpg\" alt=\"Dieter Jan\u00dfen ist Bezirksb\u00fcrgermeister von Sterkrade\" width=\"140\" height=\"169\" \/><\/a><p class=\"wp-caption-text\">Dieter Jan\u00dfen ist Bezirksb\u00fcrgermeister von Sterkrade<\/p><\/div>\n<p><i>Von abgesagten und inszenierten Sitzungen in der Vorwahlkampfzeit<\/i><\/p>\n<p>Viel Streit gab es in den vergangenen Tagen um abgesagte Gremiensitzungen. Insbesondere der ein oder andere Bezirksvertreter versuchte hier von sich reden zu machen. Dabei ist eine ausgefallene Sitzung hin und wieder ein ganz normaler Vorgang. Wenn es nichts oder nur wenig zu beraten gibt, f\u00e4llt auch schon mal ein Termin aus. Ein Ph\u00e4nomen, das es im \u00dcbrigen nicht nur am Ende einer Wahlperiode gibt. Nun aber einen Streit vom Zaun zu brechen \u00fcber eine Sitzung, die sogar stattgefunden hat, ist hingegen von neuer Qualit\u00e4t. So in der vergangenen Woche geschehen in der Bezirksvertretung Sterkrade.<!--more--><\/p>\n<p>H\u00e4tten wir im Mai nicht Wahlen, w\u00fcrde ich mir ernsthafte Sorgen um Herrn Ingendoh und seine Truppe machen, schmunzelt Bezirksb\u00fcrgermeister Dieter Jan\u00dfen (SPD). &#8222;Nachdem von der Verwaltung keine Tagesordnungspunkte f\u00fcr die Sitzung am 20. Februar angemeldet waren, habe ich bei den anderen Fraktionen den Beratungsbedarf abfragen lassen. Statt einer Antwort, gab es von der CDU nur zwei Antr\u00e4ge, die ich als Wunsch gewertet habe, die Sitzung auf jeden Fall stattfinden zu lassen. Weitere Diskussion, ob die Sitzung ausfallen k\u00f6nne oder nicht, gab es nicht. Die ganze Aufgeregtheit erschlie\u00dft sich mir deshalb nicht.&#8220;<\/p>\n<p>Bereits 2010 und 2013 fielen in Abstimmung mit der CDU Sitzungen der BV-Sterkrade aus. Auch um Kosten und Zeit f\u00fcr alle Beteiligten zu sparen, erl\u00e4utert Dieter Jan\u00dfen. Immerhin seien auch Kommunalpolitiker nur Ehrenamtler. &#8222;Ob die beiden Antr\u00e4ge der CDU nicht auch h\u00e4tten im M\u00e4rz beraten werden k\u00f6nnen, mag jeder f\u00fcr sich selbst entscheiden. Im Wahlkampf kochen schon mal Themen hoch, die in anderen Jahren gar kein Thema w\u00e4ren&#8220;, so Jan\u00dfen. &#8222;Dass es in der letzten Sitzung aber weniger um die Sache und mehr um die Inszenierung gehen sollte, war mir sp\u00e4testens klar, als ich CDU-Fraktionsgesch\u00e4ftsf\u00fchrer Hannes Fritsche als einzigen Pressevertreter im Sitzungssaal sah.&#8220;<\/p>\n<p>Verwundert zeigt sich Bezirksb\u00fcrgermeister Dieter Jan\u00dfen in diesem Zusammenhang \u00fcber die Tatsache, dass trotz Abwesenheit aller Medienvertreter und ohne R\u00fcckfragen bei ihm oder der Verwaltung eine ausf\u00fchrliche Presseberichterstattung den Weg in den Wochenanzeiger finden konnte. Auch nach Jahrzehnten in der Kommunalpolitik lerne man immer noch dazu.<\/p>\n","protected":false},"excerpt":{"rendered":"<p>Von abgesagten und inszenierten Sitzungen in der Vorwahlkampfzeit Viel Streit gab es in den vergangenen Tagen um abgesagte Gremiensitzungen. Insbesondere der ein oder andere Bezirksvertreter versuchte hier von sich reden&hellip; <\/p>\n","protected":false},"author":1,"featured_media":0,"comment_status":"closed","ping_status":"closed","sticky":false,"template":"","format":"standard","meta":{"footnotes":""},"categories":[167],"tags":[54,46],"quellen":[326],"class_list":["post-1126","post","type-post","status-publish","format-standard","hentry","category-stadtteile","tag-bezirksvertretung-sterkrade","tag-sterkrade","quellen-spd-fraktion-oberhausen"],"_links":{"self":[{"href":"https:\/\/meier-gerdingh.de\/wp-spd-ob\/wp-json\/wp\/v2\/posts\/1126","targetHints":{"allow":["GET"]}}],"collection":[{"href":"https:\/\/meier-gerdingh.de\/wp-spd-ob\/wp-json\/wp\/v2\/posts"}],"about":[{"href":"https:\/\/meier-gerdingh.de\/wp-spd-ob\/wp-json\/wp\/v2\/types\/post"}],"author":[{"embeddable":true,"href":"https:\/\/meier-gerdingh.de\/wp-spd-ob\/wp-json\/wp\/v2\/users\/1"}],"replies":[{"embeddable":true,"href":"https:\/\/meier-gerdingh.de\/wp-spd-ob\/wp-json\/wp\/v2\/comments?post=1126"}],"version-history":[{"count":0,"href":"https:\/\/meier-gerdingh.de\/wp-spd-ob\/wp-json\/wp\/v2\/posts\/1126\/revisions"}],"wp:attachment":[{"href":"https:\/\/meier-gerdingh.de\/wp-spd-ob\/wp-json\/wp\/v2\/media?parent=1126"}],"wp:term":[{"taxonomy":"category","embeddable":true,"href":"https:\/\/meier-gerdingh.de\/wp-spd-ob\/wp-json\/wp\/v2\/categories?post=1126"},{"taxonomy":"post_tag","embeddable":true,"href":"https:\/\/meier-gerdingh.de\/wp-spd-ob\/wp-json\/wp\/v2\/tags?post=1126"},{"taxonomy":"quellen","embeddable":true,"href":"https:\/\/meier-gerdingh.de\/wp-spd-ob\/wp-json\/wp\/v2\/quellen?post=1126"}],"curies":[{"name":"wp","href":"https:\/\/api.w.org\/{rel}","templated":true}]}}