{"id":11278,"date":"2024-03-13T20:43:50","date_gmt":"2024-03-13T19:43:50","guid":{"rendered":"https:\/\/meier-gerdingh.de\/wp-spd-ob\/?p=11278"},"modified":"2024-03-17T17:55:11","modified_gmt":"2024-03-17T16:55:11","slug":"hoechste-zeit-fuer-equal-pay","status":"publish","type":"post","link":"https:\/\/meier-gerdingh.de\/wp-spd-ob\/2024\/03\/13\/hoechste-zeit-fuer-equal-pay\/","title":{"rendered":"H\u00f6chste Zeit f\u00fcr Equal Pay!"},"content":{"rendered":"<div id=\"attachment_11277\" style=\"width: 710px\" class=\"wp-caption aligncenter\"><a href=\"https:\/\/meier-gerdingh.de\/wp-spd-ob\/wp-content\/uploads\/2024\/03\/spd-frauen-equal-pay-day-2024.jpg\"><img aria-describedby=\"caption-attachment-11277\" decoding=\"async\" class=\"size-full wp-image-11277\" src=\"https:\/\/meier-gerdingh.de\/wp-spd-ob\/wp-content\/uploads\/2024\/03\/spd-frauen-equal-pay-day-2024.jpg\" alt=\"\" width=\"700\" height=\"447\" srcset=\"https:\/\/meier-gerdingh.de\/wp-spd-ob\/wp-content\/uploads\/2024\/03\/spd-frauen-equal-pay-day-2024.jpg 700w, https:\/\/meier-gerdingh.de\/wp-spd-ob\/wp-content\/uploads\/2024\/03\/spd-frauen-equal-pay-day-2024-300x192.jpg 300w\" sizes=\"(max-width: 700px) 100vw, 700px\" \/><\/a><p id=\"caption-attachment-11277\" class=\"wp-caption-text\">Ute Jordan-Ecker (Mitte), Vorsitzende der Oberhausener SPD-Frauen, und weitere Mitglieder der AsF beim Infostand zum Equal Pay Day in Sterkrade-Mitte<\/p><\/div>\n<p>Unter diesem Motto r\u00fcckt die diesj\u00e4hrige Equal Pay Day-Kampagne den Zusammenhang von Zeit und Geld in den Focus. Am 9.03.2024 in der Zeit von 10:30 bis 12:00 Uhr haben die Frauen in der SPD in der Sterkrader Innenstadt auf die Lohnl\u00fccke zwischen M\u00e4nnern und Frauen aufmerksam machen. Der Equal Pay Day steht f\u00fcr die geschlechtsspezifische Lohnl\u00fccke, die laut Statistischem Bundesamt 18 Prozent in Deutschland betr\u00e4gt.<\/p>\n<p>Angenommen M\u00e4nner und Frauen bekommen den gleichen Stundenlohn: Dann steht der Equal Pay Day f\u00fcr den Tag in einem Kalenderjahr, bis zu dem Frauen theoretisch unbezahlt arbeiten, w\u00e4hrend die M\u00e4nner schon ab dem 1. Januar f\u00fcr ihre Arbeit entlohnt werden.<!--more--><\/p>\n<p>W\u00e4hrend fast jede zweite Frau in Teilzeit arbeitet und den gr\u00f6\u00dften Teil der Betreuungsaufgaben im Haushalt, Familie, Pflege und Erziehung \u00fcbernimmt, ist nur jeder 10 Mann in Teilzeitbesch\u00e4ftigt. Wie frei sind Frauen und M\u00e4nner in der heutigen Zeit darin, wie sie ihre Zeit nutzen?<\/p>\n<p>Diese hohe Teilzeitquote bei Frauen hat erhebliche Auswirkungen auf die Lohnl\u00fccke zwischen Mann und Frau. Arbeit in Teilzeit wird schlechter verg\u00fctete. Frauen die h\u00e4ufig in Teilzeit arbeiten verdienen durchschnittlich 17\u00a0% weniger pro Stunde als Frauen in Vollzeit. Damit tragen Frauen ein erh\u00f6htes Risiko f\u00fcr Armut im Alter.<\/p>\n<p>Der Equal Pay day will das Bewusstsein f\u00fcr die bestehenden Lohn- und Rentenunterschiede zwischen M\u00e4nnern und Frauen sch\u00e4rfen und die \u00f6ffentliche Debatte \u00fcber die Ursachen dieser Ungerechtigkeit im Geschlechterverh\u00e4ltnis an.<\/p>\n<p>Trotz vieler Bem\u00fchungen auch von Seiten der Politik hat sich diese Ausganglage f\u00fcr die Frauen seit Jahren nur geringf\u00fcgig ge\u00e4ndert.<\/p>\n<p>Darum gilt es, weiter auf diese gesellschaftlichen Situation aufmerksam zu machen und sich daf\u00fcr einzusetzen das sich die gesellschaftlichen Rahmenbedingungen \u00e4ndern.<\/p>\n","protected":false},"excerpt":{"rendered":"<p>Unter diesem Motto r\u00fcckt die diesj\u00e4hrige Equal Pay Day-Kampagne den Zusammenhang von Zeit und Geld in den Focus. Am 9.03.2024 in der Zeit von 10:30 bis 12:00 Uhr haben die&hellip; <\/p>\n","protected":false},"author":1,"featured_media":0,"comment_status":"closed","ping_status":"closed","sticky":false,"template":"","format":"standard","meta":{"footnotes":""},"categories":[95],"tags":[702,369,363,3963,1432,1499,368,1435,1500],"quellen":[341],"class_list":["post-11278","post","type-post","status-publish","format-standard","hentry","category-gleichstellung","tag-altersarmut","tag-entgeltgleichheit","tag-equal-pay-day","tag-geschlechtsspezifische-lohnluecke","tag-grundrente","tag-koalitionsvertrag","tag-lohnluecke","tag-teilzeitbeschaeftigung","tag-vollzeitbeschaeftigung","quellen-asf-oberhausen"],"_links":{"self":[{"href":"https:\/\/meier-gerdingh.de\/wp-spd-ob\/wp-json\/wp\/v2\/posts\/11278","targetHints":{"allow":["GET"]}}],"collection":[{"href":"https:\/\/meier-gerdingh.de\/wp-spd-ob\/wp-json\/wp\/v2\/posts"}],"about":[{"href":"https:\/\/meier-gerdingh.de\/wp-spd-ob\/wp-json\/wp\/v2\/types\/post"}],"author":[{"embeddable":true,"href":"https:\/\/meier-gerdingh.de\/wp-spd-ob\/wp-json\/wp\/v2\/users\/1"}],"replies":[{"embeddable":true,"href":"https:\/\/meier-gerdingh.de\/wp-spd-ob\/wp-json\/wp\/v2\/comments?post=11278"}],"version-history":[{"count":0,"href":"https:\/\/meier-gerdingh.de\/wp-spd-ob\/wp-json\/wp\/v2\/posts\/11278\/revisions"}],"wp:attachment":[{"href":"https:\/\/meier-gerdingh.de\/wp-spd-ob\/wp-json\/wp\/v2\/media?parent=11278"}],"wp:term":[{"taxonomy":"category","embeddable":true,"href":"https:\/\/meier-gerdingh.de\/wp-spd-ob\/wp-json\/wp\/v2\/categories?post=11278"},{"taxonomy":"post_tag","embeddable":true,"href":"https:\/\/meier-gerdingh.de\/wp-spd-ob\/wp-json\/wp\/v2\/tags?post=11278"},{"taxonomy":"quellen","embeddable":true,"href":"https:\/\/meier-gerdingh.de\/wp-spd-ob\/wp-json\/wp\/v2\/quellen?post=11278"}],"curies":[{"name":"wp","href":"https:\/\/api.w.org\/{rel}","templated":true}]}}