{"id":11281,"date":"2024-03-15T14:47:26","date_gmt":"2024-03-15T13:47:26","guid":{"rendered":"https:\/\/meier-gerdingh.de\/wp-spd-ob\/?p=11281"},"modified":"2024-03-15T14:48:35","modified_gmt":"2024-03-15T13:48:35","slug":"einladung-zum-stadtteilgespraech-am","status":"publish","type":"post","link":"https:\/\/meier-gerdingh.de\/wp-spd-ob\/2024\/03\/15\/einladung-zum-stadtteilgespraech-am\/","title":{"rendered":"Einladung zum Stadtteilgespr\u00e4ch am"},"content":{"rendered":"<p><a href=\"https:\/\/meier-gerdingh.de\/wp-spd-ob\/wp-content\/uploads\/2024\/03\/ov-sterkrade-sued-stadtteilgespraech-24-03.jpg\"><img decoding=\"async\" class=\"aligncenter size-full wp-image-11282\" src=\"https:\/\/meier-gerdingh.de\/wp-spd-ob\/wp-content\/uploads\/2024\/03\/ov-sterkrade-sued-stadtteilgespraech-24-03.jpg\" alt=\"\" width=\"700\" height=\"491\" srcset=\"https:\/\/meier-gerdingh.de\/wp-spd-ob\/wp-content\/uploads\/2024\/03\/ov-sterkrade-sued-stadtteilgespraech-24-03.jpg 700w, https:\/\/meier-gerdingh.de\/wp-spd-ob\/wp-content\/uploads\/2024\/03\/ov-sterkrade-sued-stadtteilgespraech-24-03-300x210.jpg 300w, https:\/\/meier-gerdingh.de\/wp-spd-ob\/wp-content\/uploads\/2024\/03\/ov-sterkrade-sued-stadtteilgespraech-24-03-330x230.jpg 330w\" sizes=\"(max-width: 700px) 100vw, 700px\" \/><\/a>Der SPD-Ortsverein Sterkrade-S\u00fcd l\u00e4dt am <strong>Dienstag, 19.03.24, ab 19.00 Uhr<\/strong>, wieder interessierte Sterkrader B\u00fcrgerinnen und B\u00fcrger zum monatlichen <strong>Stadtteilgespr\u00e4ch<\/strong> in den <strong>Klumpen Moritz, Bahnhofstr. 30<\/strong>, ein. Der Stadtverordnete Manuel Prohl und andere Engagierte freuen sich auch im M\u00e4rz auf einen regen politischen Austausch \u00fcber alle Themen, die den Sterkraderinnen und Sterkradern wichtig sind<\/p>\n<p>Manuel Prohl: &#8222;Kommunalpolitik kann und muss vermitteln zwischen den unterschiedlichsten Akteuren vor Ort, sie muss sich den Menschen erkl\u00e4ren und ihre Anregungen aufnehmen.&#8220; Das Stadtteilgespr\u00e4ch bietet die M\u00f6glichkeit, Neuigkeiten \u00fcber laufende oder anstehende Projekte zu erfahren und Sorgen und Bedenken &#8222;los zu werden&#8220;.<!--more--><\/p>\n<p>Das Stadtteilgespr\u00e4ch findet in ungezwungener Atmosph\u00e4re auf Augenh\u00f6he statt; die Anliegen der B\u00fcrgerinnen und B\u00fcrger werden ernst genommen, um diese bei zuk\u00fcnftigen politischen Entscheidungen zu ber\u00fccksichtigen. Der Ortsverein m\u00f6chte die Wichtigkeit einer guten politischen Arbeit in der Kommunalpolitik aufzeigen und damit die Sterkraderinnen und Sterkrader motivieren, sich gemeinsam mit uns f\u00fcr die freiheitliche demokratische Grundordnung einzusetzen.<\/p>\n","protected":false},"excerpt":{"rendered":"<p>Der SPD-Ortsverein Sterkrade-S\u00fcd l\u00e4dt am Dienstag, 19.03.24, ab 19.00 Uhr, wieder interessierte Sterkrader B\u00fcrgerinnen und B\u00fcrger zum monatlichen Stadtteilgespr\u00e4ch in den Klumpen Moritz, Bahnhofstr. 30, ein. Der Stadtverordnete Manuel Prohl&hellip; <\/p>\n","protected":false},"author":1,"featured_media":0,"comment_status":"closed","ping_status":"closed","sticky":false,"template":"","format":"standard","meta":{"footnotes":""},"categories":[167,171],"tags":[3503,1654,3499,184,46],"quellen":[338],"class_list":["post-11281","post","type-post","status-publish","format-standard","hentry","category-stadtteile","category-veranstaltungen","tag-buergergespraech","tag-stadtteilgespraech","tag-stadtteilgespraech-sterkrade","tag-stadtteilgespraeche","tag-sterkrade","quellen-ov-sterkrade-sued"],"_links":{"self":[{"href":"https:\/\/meier-gerdingh.de\/wp-spd-ob\/wp-json\/wp\/v2\/posts\/11281","targetHints":{"allow":["GET"]}}],"collection":[{"href":"https:\/\/meier-gerdingh.de\/wp-spd-ob\/wp-json\/wp\/v2\/posts"}],"about":[{"href":"https:\/\/meier-gerdingh.de\/wp-spd-ob\/wp-json\/wp\/v2\/types\/post"}],"author":[{"embeddable":true,"href":"https:\/\/meier-gerdingh.de\/wp-spd-ob\/wp-json\/wp\/v2\/users\/1"}],"replies":[{"embeddable":true,"href":"https:\/\/meier-gerdingh.de\/wp-spd-ob\/wp-json\/wp\/v2\/comments?post=11281"}],"version-history":[{"count":0,"href":"https:\/\/meier-gerdingh.de\/wp-spd-ob\/wp-json\/wp\/v2\/posts\/11281\/revisions"}],"wp:attachment":[{"href":"https:\/\/meier-gerdingh.de\/wp-spd-ob\/wp-json\/wp\/v2\/media?parent=11281"}],"wp:term":[{"taxonomy":"category","embeddable":true,"href":"https:\/\/meier-gerdingh.de\/wp-spd-ob\/wp-json\/wp\/v2\/categories?post=11281"},{"taxonomy":"post_tag","embeddable":true,"href":"https:\/\/meier-gerdingh.de\/wp-spd-ob\/wp-json\/wp\/v2\/tags?post=11281"},{"taxonomy":"quellen","embeddable":true,"href":"https:\/\/meier-gerdingh.de\/wp-spd-ob\/wp-json\/wp\/v2\/quellen?post=11281"}],"curies":[{"name":"wp","href":"https:\/\/api.w.org\/{rel}","templated":true}]}}