{"id":11290,"date":"2024-03-20T17:13:55","date_gmt":"2024-03-20T16:13:55","guid":{"rendered":"https:\/\/meier-gerdingh.de\/wp-spd-ob\/?p=11290"},"modified":"2024-06-13T14:43:31","modified_gmt":"2024-06-13T12:43:31","slug":"wie-gut-sind-wir-fuer-die-kommenden-jahrzehnte-vorbereitet","status":"publish","type":"post","link":"https:\/\/meier-gerdingh.de\/wp-spd-ob\/2024\/03\/20\/wie-gut-sind-wir-fuer-die-kommenden-jahrzehnte-vorbereitet\/","title":{"rendered":"Wie gut sind wir f\u00fcr die kommenden Jahrzehnte vorbereitet?"},"content":{"rendered":"<p><a href=\"https:\/\/meier-gerdingh.de\/wp-spd-ob\/wp-content\/uploads\/2023\/03\/banner-diese-woche-im-landtag-01.jpg\"><img decoding=\"async\" class=\"aligncenter size-full wp-image-10267\" src=\"https:\/\/meier-gerdingh.de\/wp-spd-ob\/wp-content\/uploads\/2023\/03\/banner-diese-woche-im-landtag-01.jpg\" alt=\"\" width=\"700\" height=\"258\" srcset=\"https:\/\/meier-gerdingh.de\/wp-spd-ob\/wp-content\/uploads\/2023\/03\/banner-diese-woche-im-landtag-01.jpg 700w, https:\/\/meier-gerdingh.de\/wp-spd-ob\/wp-content\/uploads\/2023\/03\/banner-diese-woche-im-landtag-01-300x111.jpg 300w\" sizes=\"(max-width: 700px) 100vw, 700px\" \/><\/a>Die Klimakrise wird das Leben der Menschen in den kommenden Jahren immer st\u00e4rker beeinflussen. Die klimatischen Bedingungen in Deutschland und NRW werden sich weitgehend ver\u00e4ndern. Temperaturen wie sie heute in Italien und Spanien zu beobachten sind, werden auch in Deutschland und NRW eintreten. Klimagesundheit bedeutet, dass Menschen trotz der Auswirkungen der Klimakrise gesund bleiben.<\/p>\n<p>Die Auswirkungen zeigen sich bereits heute in diversen Bereichen: Hitze &amp; K\u00e4lte, Starkregen &amp; Hochwasser, Sonne &amp; UV-Strahlung, L\u00e4rm, Luftverschmutzung &amp; Allergien, Nahrungs- &amp; Wasserknappheit, Extremwetter, Naturkatastrophen, Infektionskrankheiten &amp; Arzneimittelmissbrauch, Bewegung &amp; Mobilit\u00e4t, M\u00fcll-, Giftvermeidung &amp; Produktionsdesign, Gesundheitsaufkl\u00e4rung &amp; Aus- und Fortbildung. In Zukunft werden diese Klimaeinfl\u00fcsse und die damit verbundenen gesellschaftlichen Entwicklungen noch gr\u00f6\u00dferen Einfluss auf unsere pers\u00f6nliche Gesundheit nehmen. Jetzt muss gehandelt werden.<!--more--><\/p>\n<p>Die Gesundheit der B\u00fcrgerinnen und B\u00fcrger muss vor den Auswirkungen der Klimakrise gesch\u00fctzt und entsprechende Klimaanpassungsma\u00dfnahmen in allen Sektoren entwickelt und ergriffen werden.<\/p>\n<p>Gleichzeitig muss die Klimakrise entschlossen bek\u00e4mpft werden, damit wir unsere eigene Gesundheit sch\u00fctzen. Bereits jetzt m\u00fcssen bestehende Projekte und Ma\u00dfnahmen \u00fcberzeugender und weitergedacht werden: nachhaltige Verkehrsmittel, klimafreundliche Stadtentwicklung, klimaneutrale Geb\u00e4ude und Sanierung, st\u00e4rkerer Schutz vor Naturkatastrophen und die klimaresiliente und -sensible, sektoren\u00fcbergreifende Weiterentwicklung unserer Gesundheitsversorgung.<\/p>\n<p>Die SPD-Fraktion hat einen <a href=\"https:\/\/www.landtag.nrw.de\/portal\/WWW\/dokumentenarchiv\/Dokument\/MMD18-5664.pdf\">Fragenkatalog mit mehr als 200 Fragen<\/a> erarbeitet, der die Probleme benennt.<\/p>\n","protected":false},"excerpt":{"rendered":"<p>Die Klimakrise wird das Leben der Menschen in den kommenden Jahren immer st\u00e4rker beeinflussen. Die klimatischen Bedingungen in Deutschland und NRW werden sich weitgehend ver\u00e4ndern. Temperaturen wie sie heute in&hellip; <\/p>\n","protected":false},"author":1,"featured_media":0,"comment_status":"closed","ping_status":"closed","sticky":false,"template":"","format":"standard","meta":{"footnotes":""},"categories":[4120,216,29],"tags":[3971,3972,3970,771],"quellen":[1317],"class_list":["post-11290","post","type-post","status-publish","format-standard","hentry","category-die-woche-im-landtag","category-land","category-umwelt","tag-klimaanpassungsmassnahmen","tag-klimagesundheit","tag-klimakrise","tag-klimawandel","quellen-mdl-sonja-bongers"],"_links":{"self":[{"href":"https:\/\/meier-gerdingh.de\/wp-spd-ob\/wp-json\/wp\/v2\/posts\/11290","targetHints":{"allow":["GET"]}}],"collection":[{"href":"https:\/\/meier-gerdingh.de\/wp-spd-ob\/wp-json\/wp\/v2\/posts"}],"about":[{"href":"https:\/\/meier-gerdingh.de\/wp-spd-ob\/wp-json\/wp\/v2\/types\/post"}],"author":[{"embeddable":true,"href":"https:\/\/meier-gerdingh.de\/wp-spd-ob\/wp-json\/wp\/v2\/users\/1"}],"replies":[{"embeddable":true,"href":"https:\/\/meier-gerdingh.de\/wp-spd-ob\/wp-json\/wp\/v2\/comments?post=11290"}],"version-history":[{"count":0,"href":"https:\/\/meier-gerdingh.de\/wp-spd-ob\/wp-json\/wp\/v2\/posts\/11290\/revisions"}],"wp:attachment":[{"href":"https:\/\/meier-gerdingh.de\/wp-spd-ob\/wp-json\/wp\/v2\/media?parent=11290"}],"wp:term":[{"taxonomy":"category","embeddable":true,"href":"https:\/\/meier-gerdingh.de\/wp-spd-ob\/wp-json\/wp\/v2\/categories?post=11290"},{"taxonomy":"post_tag","embeddable":true,"href":"https:\/\/meier-gerdingh.de\/wp-spd-ob\/wp-json\/wp\/v2\/tags?post=11290"},{"taxonomy":"quellen","embeddable":true,"href":"https:\/\/meier-gerdingh.de\/wp-spd-ob\/wp-json\/wp\/v2\/quellen?post=11290"}],"curies":[{"name":"wp","href":"https:\/\/api.w.org\/{rel}","templated":true}]}}