{"id":11293,"date":"2024-03-20T17:00:59","date_gmt":"2024-03-20T16:00:59","guid":{"rendered":"https:\/\/meier-gerdingh.de\/wp-spd-ob\/?p=11293"},"modified":"2024-06-13T14:43:40","modified_gmt":"2024-06-13T12:43:40","slug":"soziale-not-treibt-menschen-in-die-pflege-wie-will-die-landesregierung-jetzt-handeln","status":"publish","type":"post","link":"https:\/\/meier-gerdingh.de\/wp-spd-ob\/2024\/03\/20\/soziale-not-treibt-menschen-in-die-pflege-wie-will-die-landesregierung-jetzt-handeln\/","title":{"rendered":"Soziale Not treibt Menschen in die Pflege &#8211; Wie will die Landesregierung jetzt handeln?"},"content":{"rendered":"<p><a href=\"https:\/\/meier-gerdingh.de\/wp-spd-ob\/wp-content\/uploads\/2023\/03\/banner-diese-woche-im-landtag-01.jpg\"><img decoding=\"async\" class=\"aligncenter size-full wp-image-10267\" src=\"https:\/\/meier-gerdingh.de\/wp-spd-ob\/wp-content\/uploads\/2023\/03\/banner-diese-woche-im-landtag-01.jpg\" alt=\"\" width=\"700\" height=\"258\" srcset=\"https:\/\/meier-gerdingh.de\/wp-spd-ob\/wp-content\/uploads\/2023\/03\/banner-diese-woche-im-landtag-01.jpg 700w, https:\/\/meier-gerdingh.de\/wp-spd-ob\/wp-content\/uploads\/2023\/03\/banner-diese-woche-im-landtag-01-300x111.jpg 300w\" sizes=\"(max-width: 700px) 100vw, 700px\" \/><\/a>Die Zahl der Pflegeantr\u00e4ge in NRW ist massiv gestiegen. Fachleute gehen davon aus, dass soziale N\u00f6te Menschen immer fr\u00fcher in die Pflege dr\u00e4ngen und das System dadurch \u00fcberlastet werden k\u00f6nnte. Expertinnen und Experten beschreiben einen klaren Zusammenhang zwischen Inflationsraten und dem Anstieg der Pflegegrad-Antr\u00e4ge. In NRW sei die Zahl der Antr\u00e4ge (zur Pflegebegutachtung) seit 2020 um 29 Prozent gestiegen. Klar beschrieben werden Ursache und Wirkung: Es handle sich dabei um ein soziales Problem, welches erhebliche Konsequenzen auf die Zahl der k\u00fcnftig ben\u00f6tigten Pflegekr\u00e4fte habe; &#8222;der Druck im System werde massiv steigen&#8220;.<!--more--><\/p>\n<p>Je mehr Menschen in die Altersarmut kommen, umso gr\u00f6\u00dfer wird die Zahl der Antr\u00e4ge auf Pflegegrad und die entsprechenden Unterst\u00fctzungsleistungen. Dabei gibt es bisher keine Hinweise, dass diese Antr\u00e4ge unberechtigt seien. Das f\u00fchre auch dazu, dass die entsprechenden Stellen, wie der f\u00fcr die Pflegebegutachtung zust\u00e4ndige Medizinische Dienst, \u00fcberfordert werden, Antr\u00e4ge nicht mehr bearbeiten k\u00f6nnen und Menschen l\u00e4nger auf Hilfen warten m\u00fcssen. Die akute Problematik f\u00fchrt dabei zu konkreten Forderungen der Fachleute.<\/p>\n<p>Dazu geh\u00f6rt grunds\u00e4tzlich die Abspeckung von Pflegebegutachtungen. Ganz konkret werden mehr Video-Begutachtungen gefordert. Diese sollen Angeh\u00f6rige und das Personal entlasten. Dazu m\u00fcsse die strenge Reglementierung gelockert werden, um insbesondere bei pflegebed\u00fcrftigen Kindern Video-Begutachtungen durchf\u00fchren zu k\u00f6nnen.<\/p>\n<p>Au\u00dferdem k\u00f6nnten Haus\u00e4rztinnen und Haus\u00e4rzte eine Hilfe bei der Steuerung von Pflegebegutachtungsantr\u00e4gen sein. Das Land NRW spielt eine entscheidende Rolle zur Umsetzung dieser entsprechenden Ma\u00dfnahmen.<\/p>\n<p>Die Landesregierung muss erkl\u00e4ren, welche Schritte sie gehen wird, um kurz- und mittelfristig mit der Zunahme der Antr\u00e4ge umzugehen und der sozialen Not der Menschen mittelfristig entgegenzuwirken. Ziel muss es jetzt sein, dass das Pflegesystem kurzfristig nicht \u00fcberlastet wird und f\u00fcr alle B\u00fcrgerinnen und B\u00fcrger in NRW eine angemessene Grundlage f\u00fcr ein respektvolles Leben im Alter geschaffen wird.<\/p>\n<p>Aufgrund der \u00fcberragenden Bedeutung des Themas besteht ein dringendes \u00f6ffentliches wie auch parlamentarisches Interesse.<\/p>\n","protected":false},"excerpt":{"rendered":"<p>Die Zahl der Pflegeantr\u00e4ge in NRW ist massiv gestiegen. Fachleute gehen davon aus, dass soziale N\u00f6te Menschen immer fr\u00fcher in die Pflege dr\u00e4ngen und das System dadurch \u00fcberlastet werden k\u00f6nnte.&hellip; <\/p>\n","protected":false},"author":1,"featured_media":0,"comment_status":"closed","ping_status":"closed","sticky":false,"template":"","format":"standard","meta":{"footnotes":""},"categories":[4120,297,216,854],"tags":[3982,472,3980,3981,3983],"quellen":[1317],"class_list":["post-11293","post","type-post","status-publish","format-standard","hentry","category-die-woche-im-landtag","category-gesundheit","category-land","category-senioren","tag-medizinischer-dienst","tag-pflege","tag-pflegeantraege","tag-pflegebegutachtung","tag-pflegesystem","quellen-mdl-sonja-bongers"],"_links":{"self":[{"href":"https:\/\/meier-gerdingh.de\/wp-spd-ob\/wp-json\/wp\/v2\/posts\/11293","targetHints":{"allow":["GET"]}}],"collection":[{"href":"https:\/\/meier-gerdingh.de\/wp-spd-ob\/wp-json\/wp\/v2\/posts"}],"about":[{"href":"https:\/\/meier-gerdingh.de\/wp-spd-ob\/wp-json\/wp\/v2\/types\/post"}],"author":[{"embeddable":true,"href":"https:\/\/meier-gerdingh.de\/wp-spd-ob\/wp-json\/wp\/v2\/users\/1"}],"replies":[{"embeddable":true,"href":"https:\/\/meier-gerdingh.de\/wp-spd-ob\/wp-json\/wp\/v2\/comments?post=11293"}],"version-history":[{"count":0,"href":"https:\/\/meier-gerdingh.de\/wp-spd-ob\/wp-json\/wp\/v2\/posts\/11293\/revisions"}],"wp:attachment":[{"href":"https:\/\/meier-gerdingh.de\/wp-spd-ob\/wp-json\/wp\/v2\/media?parent=11293"}],"wp:term":[{"taxonomy":"category","embeddable":true,"href":"https:\/\/meier-gerdingh.de\/wp-spd-ob\/wp-json\/wp\/v2\/categories?post=11293"},{"taxonomy":"post_tag","embeddable":true,"href":"https:\/\/meier-gerdingh.de\/wp-spd-ob\/wp-json\/wp\/v2\/tags?post=11293"},{"taxonomy":"quellen","embeddable":true,"href":"https:\/\/meier-gerdingh.de\/wp-spd-ob\/wp-json\/wp\/v2\/quellen?post=11293"}],"curies":[{"name":"wp","href":"https:\/\/api.w.org\/{rel}","templated":true}]}}