{"id":11296,"date":"2024-03-21T17:01:21","date_gmt":"2024-03-21T16:01:21","guid":{"rendered":"https:\/\/meier-gerdingh.de\/wp-spd-ob\/?p=11296"},"modified":"2024-03-21T18:52:05","modified_gmt":"2024-03-21T17:52:05","slug":"spd-will-mehr-unterstuetzung-fuer-die-opfer","status":"publish","type":"post","link":"https:\/\/meier-gerdingh.de\/wp-spd-ob\/2024\/03\/21\/spd-will-mehr-unterstuetzung-fuer-die-opfer\/","title":{"rendered":"SPD will mehr Unterst\u00fctzung f\u00fcr die Opfer"},"content":{"rendered":"<div id=\"attachment_7693\" style=\"width: 170px\" class=\"wp-caption alignleft\"><a href=\"https:\/\/meier-gerdingh.de\/wp-spd-ob\/wp-content\/uploads\/2020\/11\/scherer-axel-2020-lg.jpg\"><img aria-describedby=\"caption-attachment-7693\" decoding=\"async\" class=\"size-full wp-image-7693\" src=\"https:\/\/meier-gerdingh.de\/wp-spd-ob\/wp-content\/uploads\/2020\/11\/scherer-axel-2020.jpg\" alt=\"\" width=\"160\" height=\"200\" \/><\/a><p id=\"caption-attachment-7693\" class=\"wp-caption-text\">Axel J. Scherer ist Vorsitzender des SPD-Ortsvereins Mitte und kulturpolitischer Sprecher der SPD-Ratsfraktion<\/p><\/div>\n<p>Die Berichterstattung in der WAZ \u00fcber eine Jugendbande, die seit geraumer Zeit vor allem Gesch\u00e4ftsleute auf der Langmarkstra\u00dfe terrorisiert, hat bei den Mitgliedern des SPD-Ortsvereins Mitte Kopfsch\u00fctteln ausgel\u00f6st. &#8222;Es kann doch nicht sein, dass nur einen Steinwurf von der gemeinsamen Wache der Polizei und des kommunalen Ordnungsdienstes entfernt Gesch\u00e4ftsinhaber ihre T\u00fcren am helllichten Tag abschlie\u00dfen m\u00fcssen&#8220;, erkl\u00e4rt Axel J. Scherer, SPD-Stadtverordneter in Mitte.<\/p>\n<p>&#8222;Die Politik erf\u00e4hrt aus der Zeitung, dass es dort seit einem Jahr bereits massive Probleme gibt&#8220;, so der Ortsvereinsvorsitzende weiter. &#8222;Wenn \u00fcber solch grundlegenden Probleme nicht gesprochen und nach L\u00f6sungen gesucht wird, k\u00f6nnen wir uns neue Nutzungs- und Gestaltungskonzepte f\u00fcr die Innenstadt auch schenken.&#8220;<!--more--><\/p>\n<div id=\"attachment_8647\" style=\"width: 170px\" class=\"wp-caption alignleft\"><a href=\"https:\/\/meier-gerdingh.de\/wp-spd-ob\/wp-content\/uploads\/2021\/12\/salwik-claudia-lg.jpg\"><img aria-describedby=\"caption-attachment-8647\" decoding=\"async\" class=\"size-full wp-image-8647\" src=\"https:\/\/meier-gerdingh.de\/wp-spd-ob\/wp-content\/uploads\/2021\/12\/salwik-claudia.jpg\" alt=\"\" width=\"160\" height=\"200\" \/><\/a><p id=\"caption-attachment-8647\" class=\"wp-caption-text\">Claudia Salwik ist jugendpolitische Sprecherin der SPD-Ratsfraktion<\/p><\/div>\n<p>&#8222;Die Situation darf nicht toleriert werden&#8220;, erkl\u00e4rt Claudia Salwik, jugendpolitische Sprecherin der SPD im Rat. Gemeinsam mit Axel Schwerer fordert sie nun eine gr\u00f6\u00dftm\u00f6gliche Unterst\u00fctzung der Betroffenen durch Polizei und Ordnungsdienst, auch durch eine m\u00f6glichst hohe Pr\u00e4senz. &#8222;Der gemeinsame Standort bietet daf\u00fcr doch eigentlich eine optimale Voraussetzung.&#8220; Es sei nun wichtig, dass die vielen positiven Impulse, die derzeit die Innenstadt pr\u00e4gen und neu beleben, nicht ausgebremst werden.<\/p>\n<p>Doch nur der Ruf nach polizeilichen und repressiven Ma\u00dfnahmen greift zu kurz. &#8222;Insbesondere die Oberhausener Innenstadt ist das Zuhause von vielen Jugendlichen aus extrem armutsgepr\u00e4gten Familien&#8220;, erl\u00e4utert die Stadtverordnete Salwik. Armut als gesellschaftlicher Ausschlussfaktor sei nicht zu untersch\u00e4tzen. &#8222;Wenn wir diese Jugendlichen mit ihren Problemen allein lassen, werden sie sich anders versuchen zu behaupten.&#8220;<\/p>\n<p>Beinahe 40 Prozent der Familien in der Innenstadt beziehen Transferleistungen, 34 Prozent aller Familien sind alleinerziehend. &#8222;All das sind Faktoren, die gesellschaftliche Teilhabe massiv erschweren. Wir m\u00fcssen hier Barrieren abbauen, um zu verhindern, dass sich Jugendliche, aber auch Erwachsene von Gesellschaft abgeh\u00e4ngt f\u00fchlen und sich anderen Wertesystemen zuwenden&#8220;, warnt die jugendpolitische Sprecherin.<\/p>\n","protected":false},"excerpt":{"rendered":"<p>Die Berichterstattung in der WAZ \u00fcber eine Jugendbande, die seit geraumer Zeit vor allem Gesch\u00e4ftsleute auf der Langmarkstra\u00dfe terrorisiert, hat bei den Mitgliedern des SPD-Ortsvereins Mitte Kopfsch\u00fctteln ausgel\u00f6st. &#8222;Es kann&hellip; <\/p>\n","protected":false},"author":1,"featured_media":0,"comment_status":"closed","ping_status":"closed","sticky":false,"template":"","format":"standard","meta":{"footnotes":""},"categories":[7,167],"tags":[65,2511,3986,359,3985,692,277,837,3984,498,3987],"quellen":[333],"class_list":["post-11296","post","type-post","status-publish","format-standard","hentry","category-sicherheit","category-stadtteile","tag-alt-oberhausen","tag-armut","tag-gemeinsame-wache-innenstadt","tag-innenstadt-alt-oberhausen","tag-jugendbande","tag-jugendkriminalitaet","tag-kommunaler-ordnungsdienst","tag-kriminalitaet","tag-langemarkstrasse","tag-polizei-oberhausen","tag-transferleistungen","quellen-ov-mitte"],"_links":{"self":[{"href":"https:\/\/meier-gerdingh.de\/wp-spd-ob\/wp-json\/wp\/v2\/posts\/11296","targetHints":{"allow":["GET"]}}],"collection":[{"href":"https:\/\/meier-gerdingh.de\/wp-spd-ob\/wp-json\/wp\/v2\/posts"}],"about":[{"href":"https:\/\/meier-gerdingh.de\/wp-spd-ob\/wp-json\/wp\/v2\/types\/post"}],"author":[{"embeddable":true,"href":"https:\/\/meier-gerdingh.de\/wp-spd-ob\/wp-json\/wp\/v2\/users\/1"}],"replies":[{"embeddable":true,"href":"https:\/\/meier-gerdingh.de\/wp-spd-ob\/wp-json\/wp\/v2\/comments?post=11296"}],"version-history":[{"count":0,"href":"https:\/\/meier-gerdingh.de\/wp-spd-ob\/wp-json\/wp\/v2\/posts\/11296\/revisions"}],"wp:attachment":[{"href":"https:\/\/meier-gerdingh.de\/wp-spd-ob\/wp-json\/wp\/v2\/media?parent=11296"}],"wp:term":[{"taxonomy":"category","embeddable":true,"href":"https:\/\/meier-gerdingh.de\/wp-spd-ob\/wp-json\/wp\/v2\/categories?post=11296"},{"taxonomy":"post_tag","embeddable":true,"href":"https:\/\/meier-gerdingh.de\/wp-spd-ob\/wp-json\/wp\/v2\/tags?post=11296"},{"taxonomy":"quellen","embeddable":true,"href":"https:\/\/meier-gerdingh.de\/wp-spd-ob\/wp-json\/wp\/v2\/quellen?post=11296"}],"curies":[{"name":"wp","href":"https:\/\/api.w.org\/{rel}","templated":true}]}}