{"id":11297,"date":"2024-03-21T17:03:35","date_gmt":"2024-03-21T16:03:35","guid":{"rendered":"https:\/\/meier-gerdingh.de\/wp-spd-ob\/?p=11297"},"modified":"2024-03-21T17:03:35","modified_gmt":"2024-03-21T16:03:35","slug":"poller-stoppen-autos-vor-der-gildenstrasse","status":"publish","type":"post","link":"https:\/\/meier-gerdingh.de\/wp-spd-ob\/2024\/03\/21\/poller-stoppen-autos-vor-der-gildenstrasse\/","title":{"rendered":"Poller stoppen Autos vor der Gildenstra\u00dfe"},"content":{"rendered":"<div id=\"attachment_11294\" style=\"width: 710px\" class=\"wp-caption aligncenter\"><a href=\"https:\/\/meier-gerdingh.de\/wp-spd-ob\/wp-content\/uploads\/2024\/03\/ov-osterfeld-poller-innenstadt-lg.jpg\"><img aria-describedby=\"caption-attachment-11294\" decoding=\"async\" class=\"size-full wp-image-11294\" src=\"https:\/\/meier-gerdingh.de\/wp-spd-ob\/wp-content\/uploads\/2024\/03\/ov-osterfeld-poller-innenstadt.jpg\" alt=\"\" width=\"700\" height=\"525\" srcset=\"https:\/\/meier-gerdingh.de\/wp-spd-ob\/wp-content\/uploads\/2024\/03\/ov-osterfeld-poller-innenstadt.jpg 700w, https:\/\/meier-gerdingh.de\/wp-spd-ob\/wp-content\/uploads\/2024\/03\/ov-osterfeld-poller-innenstadt-300x225.jpg 300w\" sizes=\"(max-width: 700px) 100vw, 700px\" \/><\/a><p id=\"caption-attachment-11294\" class=\"wp-caption-text\">Das Bild zeigt (von links) die Fraktionsvorsitzende Helga Grothe, Bezirksb\u00fcrgermeister Thomas Krey sowie die beiden SPD-Fraktionsmitglieder Karl-Heinz Steffan und Nicole Kopp-Czech an den nun voll funktionsf\u00e4higen Pollern an der Gildenstra\u00dfe. (Foto: SPD Osterfeld)<\/p><\/div>\n<p>Jahrelang war es in Osterfeld ein \u00c4rgernis, dass uneinsichtige Autofahrerinnen und -fahrer verbotenerweise die Gildenstra\u00dfe \u2013 eigentlich eine Fu\u00dfg\u00e4ngerzone \u2013 genutzt haben. Damit soll nun Schluss sein: Immer wieder hatte die SPD in der Bezirksvertretung Osterfeld das Problem thematisiert, nun endlich sind die bereits im vergangenen Jahr installierten, absenkbaren Poller voll im Betrieb.<!--more--><\/p>\n<p>Grund f\u00fcr die Verz\u00f6gerung waren nicht lieferbare Teile, die daf\u00fcr sorgen, dass Rettungskr\u00e4fte die Poller per Funkfernsteuerung absenken k\u00f6nnen. Die SPD-Fraktion ist mit dem Resultat jedenfalls zufrieden. &#8222;Endlich haben wir es geschafft, dass Fu\u00dfg\u00e4ngerinnen und Fu\u00dfg\u00e4nger sich auch in den Abendstunden auf der Gildenstra\u00dfe sicher f\u00fchlen k\u00f6nnen&#8220;, so die Fraktionsvorsitzende Helga Grothe.<\/p>\n","protected":false},"excerpt":{"rendered":"<p>Jahrelang war es in Osterfeld ein \u00c4rgernis, dass uneinsichtige Autofahrerinnen und -fahrer verbotenerweise die Gildenstra\u00dfe \u2013 eigentlich eine Fu\u00dfg\u00e4ngerzone \u2013 genutzt haben. Damit soll nun Schluss sein: Immer wieder hatte&hellip; <\/p>\n","protected":false},"author":1,"featured_media":0,"comment_status":"closed","ping_status":"closed","sticky":false,"template":"","format":"standard","meta":{"footnotes":""},"categories":[3070,7,167],"tags":[185,2429,3988,41,3989,3844,426],"quellen":[339],"class_list":["post-11297","post","type-post","status-publish","format-standard","hentry","category-mobilitaet","category-sicherheit","category-stadtteile","tag-bezirksvertretung-osterfeld","tag-fussgaengerzone","tag-goldenstrasse","tag-osterfeld","tag-osterfeld-mitte","tag-poller","tag-verkehrsberuhigung","quellen-ov-osterfeld"],"_links":{"self":[{"href":"https:\/\/meier-gerdingh.de\/wp-spd-ob\/wp-json\/wp\/v2\/posts\/11297","targetHints":{"allow":["GET"]}}],"collection":[{"href":"https:\/\/meier-gerdingh.de\/wp-spd-ob\/wp-json\/wp\/v2\/posts"}],"about":[{"href":"https:\/\/meier-gerdingh.de\/wp-spd-ob\/wp-json\/wp\/v2\/types\/post"}],"author":[{"embeddable":true,"href":"https:\/\/meier-gerdingh.de\/wp-spd-ob\/wp-json\/wp\/v2\/users\/1"}],"replies":[{"embeddable":true,"href":"https:\/\/meier-gerdingh.de\/wp-spd-ob\/wp-json\/wp\/v2\/comments?post=11297"}],"version-history":[{"count":0,"href":"https:\/\/meier-gerdingh.de\/wp-spd-ob\/wp-json\/wp\/v2\/posts\/11297\/revisions"}],"wp:attachment":[{"href":"https:\/\/meier-gerdingh.de\/wp-spd-ob\/wp-json\/wp\/v2\/media?parent=11297"}],"wp:term":[{"taxonomy":"category","embeddable":true,"href":"https:\/\/meier-gerdingh.de\/wp-spd-ob\/wp-json\/wp\/v2\/categories?post=11297"},{"taxonomy":"post_tag","embeddable":true,"href":"https:\/\/meier-gerdingh.de\/wp-spd-ob\/wp-json\/wp\/v2\/tags?post=11297"},{"taxonomy":"quellen","embeddable":true,"href":"https:\/\/meier-gerdingh.de\/wp-spd-ob\/wp-json\/wp\/v2\/quellen?post=11297"}],"curies":[{"name":"wp","href":"https:\/\/api.w.org\/{rel}","templated":true}]}}