{"id":11320,"date":"2024-04-03T16:01:34","date_gmt":"2024-04-03T14:01:34","guid":{"rendered":"https:\/\/meier-gerdingh.de\/wp-spd-ob\/?p=11320"},"modified":"2024-04-09T20:21:18","modified_gmt":"2024-04-09T18:21:18","slug":"spd-stadtverordnete-laden-wieder-zum-buergergespraech-am-infostand-in-alstaden","status":"publish","type":"post","link":"https:\/\/meier-gerdingh.de\/wp-spd-ob\/2024\/04\/03\/spd-stadtverordnete-laden-wieder-zum-buergergespraech-am-infostand-in-alstaden\/","title":{"rendered":"SPD-Stadtverordnete laden wieder zum B\u00fcrgergespr\u00e4ch am Infostand in Alstaden"},"content":{"rendered":"<p><a href=\"https:\/\/meier-gerdingh.de\/wp-spd-ob\/wp-content\/uploads\/2024\/04\/ov-west-infostand-24-04-13.jpg\"><img decoding=\"async\" src=\"https:\/\/meier-gerdingh.de\/wp-spd-ob\/wp-content\/uploads\/2024\/04\/ov-west-infostand-24-04-13.jpg\" alt=\"\" width=\"700\" height=\"700\" class=\"aligncenter size-full wp-image-11318\" srcset=\"https:\/\/meier-gerdingh.de\/wp-spd-ob\/wp-content\/uploads\/2024\/04\/ov-west-infostand-24-04-13.jpg 700w, https:\/\/meier-gerdingh.de\/wp-spd-ob\/wp-content\/uploads\/2024\/04\/ov-west-infostand-24-04-13-300x300.jpg 300w, https:\/\/meier-gerdingh.de\/wp-spd-ob\/wp-content\/uploads\/2024\/04\/ov-west-infostand-24-04-13-150x150.jpg 150w, https:\/\/meier-gerdingh.de\/wp-spd-ob\/wp-content\/uploads\/2024\/04\/ov-west-infostand-24-04-13-330x330.jpg 330w\" sizes=\"(max-width: 700px) 100vw, 700px\" \/><\/a><span data-mce-type=\"bookmark\" style=\"display: inline-block; width: 0px; overflow: hidden; line-height: 0;\" class=\"mce_SELRES_start\">\ufeff<\/span>Die Alstadener SPD-Stadtverordneten Dagmar Heitmann und Dietmar Look laden alle interessierten B\u00fcrgerinnen und B\u00fcrger zum Gespr\u00e4ch ein. Zusammen mit dem Team des SPD-Ortsvereins Oberhausen-West sind die Sozialdemokraten am <strong>Samstag, 13.04.2024, zwischen 09:00 und 12:00 Uhr<\/strong>, mit einem <strong>Infostand<\/strong> auf der <strong>Bebelstra\u00dfe 212, H\u00f6he Netto-Markt<\/strong>, wieder pers\u00f6nlich ansprechbar.<!--more--><\/p>\n<p>&#8222;Wir freuen uns darauf, wieder mit den Alstadener B\u00fcrgerinnen und B\u00fcrgern ins Gespr\u00e4ch zu kommen und zu erfahren, was aus ihrer Sicht in unserem Stadtteil gut und was nicht so gut l\u00e4uft&#8220;, so die f\u00fcr den Wahlbezirk Alstaden-Nord gew\u00e4hlte Stadtverordnete Dagmar Heitmann.<\/p>\n","protected":false},"excerpt":{"rendered":"<p>\ufeffDie Alstadener SPD-Stadtverordneten Dagmar Heitmann und Dietmar Look laden alle interessierten B\u00fcrgerinnen und B\u00fcrger zum Gespr\u00e4ch ein. Zusammen mit dem Team des SPD-Ortsvereins Oberhausen-West sind die Sozialdemokraten am Samstag, 13.04.2024,&hellip; <\/p>\n","protected":false},"author":1,"featured_media":0,"comment_status":"closed","ping_status":"closed","sticky":false,"template":"","format":"standard","meta":{"footnotes":""},"categories":[167,171],"tags":[134,3503,3473,1671,1654,1352,184],"quellen":[335],"class_list":["post-11320","post","type-post","status-publish","format-standard","hentry","category-stadtteile","category-veranstaltungen","tag-alstaden","tag-buergergespraech","tag-buergergespraeche","tag-infostand","tag-stadtteilgespraech","tag-stadtteilgespraech-alstaden","tag-stadtteilgespraeche","quellen-ov-west"],"_links":{"self":[{"href":"https:\/\/meier-gerdingh.de\/wp-spd-ob\/wp-json\/wp\/v2\/posts\/11320","targetHints":{"allow":["GET"]}}],"collection":[{"href":"https:\/\/meier-gerdingh.de\/wp-spd-ob\/wp-json\/wp\/v2\/posts"}],"about":[{"href":"https:\/\/meier-gerdingh.de\/wp-spd-ob\/wp-json\/wp\/v2\/types\/post"}],"author":[{"embeddable":true,"href":"https:\/\/meier-gerdingh.de\/wp-spd-ob\/wp-json\/wp\/v2\/users\/1"}],"replies":[{"embeddable":true,"href":"https:\/\/meier-gerdingh.de\/wp-spd-ob\/wp-json\/wp\/v2\/comments?post=11320"}],"version-history":[{"count":0,"href":"https:\/\/meier-gerdingh.de\/wp-spd-ob\/wp-json\/wp\/v2\/posts\/11320\/revisions"}],"wp:attachment":[{"href":"https:\/\/meier-gerdingh.de\/wp-spd-ob\/wp-json\/wp\/v2\/media?parent=11320"}],"wp:term":[{"taxonomy":"category","embeddable":true,"href":"https:\/\/meier-gerdingh.de\/wp-spd-ob\/wp-json\/wp\/v2\/categories?post=11320"},{"taxonomy":"post_tag","embeddable":true,"href":"https:\/\/meier-gerdingh.de\/wp-spd-ob\/wp-json\/wp\/v2\/tags?post=11320"},{"taxonomy":"quellen","embeddable":true,"href":"https:\/\/meier-gerdingh.de\/wp-spd-ob\/wp-json\/wp\/v2\/quellen?post=11320"}],"curies":[{"name":"wp","href":"https:\/\/api.w.org\/{rel}","templated":true}]}}