{"id":11331,"date":"2024-04-11T14:26:15","date_gmt":"2024-04-11T12:26:15","guid":{"rendered":"https:\/\/meier-gerdingh.de\/wp-spd-ob\/?p=11331"},"modified":"2024-04-11T14:26:15","modified_gmt":"2024-04-11T12:26:15","slug":"einladung-zur-oeffentlichen-mitgliederversammlung-zur-europawahl-2024","status":"publish","type":"post","link":"https:\/\/meier-gerdingh.de\/wp-spd-ob\/2024\/04\/11\/einladung-zur-oeffentlichen-mitgliederversammlung-zur-europawahl-2024\/","title":{"rendered":"Einladung zur \u00f6ffentlichen Mitgliederversammlung zur Europawahl 2024"},"content":{"rendered":"<p><a href=\"https:\/\/meier-gerdingh.de\/wp-spd-ob\/wp-content\/uploads\/2021\/03\/ov-osterfeld.jpg\"><img decoding=\"async\" class=\"aligncenter size-full wp-image-8113\" src=\"https:\/\/meier-gerdingh.de\/wp-spd-ob\/wp-content\/uploads\/2021\/03\/ov-osterfeld.jpg\" alt=\"\" width=\"720\" height=\"145\" srcset=\"https:\/\/meier-gerdingh.de\/wp-spd-ob\/wp-content\/uploads\/2021\/03\/ov-osterfeld.jpg 720w, https:\/\/meier-gerdingh.de\/wp-spd-ob\/wp-content\/uploads\/2021\/03\/ov-osterfeld-300x60.jpg 300w\" sizes=\"(max-width: 720px) 100vw, 720px\" \/><\/a>Der SPD-Ortsverein Osterfeld l\u00e4dt alle interessierten Mitb\u00fcrgerinnen und Mitb\u00fcrger zu einer <strong>\u00f6ffentlichen Informations- und Diskussionsveranstaltung zur Europawahl 2024<\/strong> ein. Sie findet statt am <strong>Dienstag, 16.\u00a0April 2024, ab 19.00 Uhr, in der Gastst\u00e4tte Koopmann, Kniestr. 27, 46117 Oberhausen<\/strong>. Die Osterfelder Sozialdemokraten haben dazu <strong>Norbert Fabian<\/strong>, den Vorsitzenden der Europa Union Duisburg, Oberhausen, M\u00fclheim \/ Niederrhein, als Referenten gewinnen k\u00f6nnen. Norbert Fabian wird \u00fcber die Europawahl, die in Deutschland am 9.\u00a0Juni stattfindet, informieren, Fragen beantworten und mit den Anwesenden \u00fcber das wichtige Thema diskutieren.<!--more--><\/p>\n<p>Alle Interessierten sind herzlich zu dieser \u00f6ffentlichen Mitgliederversammlung eingeladen.<\/p>\n<div class='ajde_evcal_calendar eventon_single_event eventon_event evo_sin_box sev cev color esty_2' ><div class='evo-data'   data-ux_val='1' data-exturl='' data-mapscroll='true' data-mapformat='roadmap' data-mapzoom='16' ><\/div><div class='evo_cal_data' data-sc='{\"excerpt\":\"no\",\"expanded\":\"no\",\"ux_val\":1,\"exturl\":\"\",\"mapscroll\":\"true\",\"mapformat\":\"roadmap\",\"mapzoom\":\"16\",\"maps_load\":\"yes\"}'><\/div><div id='evcal_list' class='eventon_events_list '>Missing Event Data<\/div><\/div>\n","protected":false},"excerpt":{"rendered":"<p>Der SPD-Ortsverein Osterfeld l\u00e4dt alle interessierten Mitb\u00fcrgerinnen und Mitb\u00fcrger zu einer \u00f6ffentlichen Informations- und Diskussionsveranstaltung zur Europawahl 2024 ein. Sie findet statt am Dienstag, 16.\u00a0April 2024, ab 19.00 Uhr, in&hellip; <\/p>\n","protected":false},"author":1,"featured_media":0,"comment_status":"closed","ping_status":"closed","sticky":false,"template":"","format":"standard","meta":{"footnotes":""},"categories":[181,171],"tags":[1869,89,3870],"quellen":[339],"class_list":["post-11331","post","type-post","status-publish","format-standard","hentry","category-europa","category-veranstaltungen","tag-europaeisches-parlament","tag-europawahl","tag-europawahl-2024","quellen-ov-osterfeld"],"_links":{"self":[{"href":"https:\/\/meier-gerdingh.de\/wp-spd-ob\/wp-json\/wp\/v2\/posts\/11331","targetHints":{"allow":["GET"]}}],"collection":[{"href":"https:\/\/meier-gerdingh.de\/wp-spd-ob\/wp-json\/wp\/v2\/posts"}],"about":[{"href":"https:\/\/meier-gerdingh.de\/wp-spd-ob\/wp-json\/wp\/v2\/types\/post"}],"author":[{"embeddable":true,"href":"https:\/\/meier-gerdingh.de\/wp-spd-ob\/wp-json\/wp\/v2\/users\/1"}],"replies":[{"embeddable":true,"href":"https:\/\/meier-gerdingh.de\/wp-spd-ob\/wp-json\/wp\/v2\/comments?post=11331"}],"version-history":[{"count":0,"href":"https:\/\/meier-gerdingh.de\/wp-spd-ob\/wp-json\/wp\/v2\/posts\/11331\/revisions"}],"wp:attachment":[{"href":"https:\/\/meier-gerdingh.de\/wp-spd-ob\/wp-json\/wp\/v2\/media?parent=11331"}],"wp:term":[{"taxonomy":"category","embeddable":true,"href":"https:\/\/meier-gerdingh.de\/wp-spd-ob\/wp-json\/wp\/v2\/categories?post=11331"},{"taxonomy":"post_tag","embeddable":true,"href":"https:\/\/meier-gerdingh.de\/wp-spd-ob\/wp-json\/wp\/v2\/tags?post=11331"},{"taxonomy":"quellen","embeddable":true,"href":"https:\/\/meier-gerdingh.de\/wp-spd-ob\/wp-json\/wp\/v2\/quellen?post=11331"}],"curies":[{"name":"wp","href":"https:\/\/api.w.org\/{rel}","templated":true}]}}