{"id":11396,"date":"2024-04-24T13:32:29","date_gmt":"2024-04-24T11:32:29","guid":{"rendered":"https:\/\/meier-gerdingh.de\/wp-spd-ob\/?p=11396"},"modified":"2024-06-13T14:42:42","modified_gmt":"2024-06-13T12:42:42","slug":"land-benoetigt-konkrete-massnahmen","status":"publish","type":"post","link":"https:\/\/meier-gerdingh.de\/wp-spd-ob\/2024\/04\/24\/land-benoetigt-konkrete-massnahmen\/","title":{"rendered":"Land ben\u00f6tigt konkrete Ma\u00dfnahmen"},"content":{"rendered":"<p><a href=\"https:\/\/meier-gerdingh.de\/wp-spd-ob\/wp-content\/uploads\/2023\/03\/banner-diese-woche-im-landtag-01.jpg\"><img decoding=\"async\" class=\"aligncenter size-full wp-image-10267\" src=\"https:\/\/meier-gerdingh.de\/wp-spd-ob\/wp-content\/uploads\/2023\/03\/banner-diese-woche-im-landtag-01.jpg\" alt=\"\" width=\"700\" height=\"258\" srcset=\"https:\/\/meier-gerdingh.de\/wp-spd-ob\/wp-content\/uploads\/2023\/03\/banner-diese-woche-im-landtag-01.jpg 700w, https:\/\/meier-gerdingh.de\/wp-spd-ob\/wp-content\/uploads\/2023\/03\/banner-diese-woche-im-landtag-01-300x111.jpg 300w\" sizes=\"(max-width: 700px) 100vw, 700px\" \/><\/a>Nach Informationen des Landeszentrums Gesundheit NRW (LZG) hat Hitze auf die Geschlechter und Altersgruppen unterschiedliche Auswirkungen. Als besonders gef\u00e4hrdete Personengruppen werden dabei \u00e4ltere Menschen, Menschen mit Vorerkrankungen, Menschen, die Medikamente einnehmen, Schwangere, S\u00e4uglinge und Kinder, Menschen mit geringen sozio\u00f6konomischen Ressourcen und sozial isolierte, Menschen mit regelm\u00e4\u00dfigem Alkohol- oder Drogenkonsum und Menschen, die im Freien arbeiten oder intensiv Sport treiben genannt.<!--more--><\/p>\n<p>In Deutschland sterben beispielsweise mehr Frauen als M\u00e4nner w\u00e4hrend einer Hitzewelle. Urs\u00e4chlich daf\u00fcr sei die \u00dcberrepr\u00e4sentation von Frauen \u00fcber 75 Jahren in der Bev\u00f6lkerung. Zudem sind das Empfinden und die k\u00f6rperlichen Auswirkungen von Hitze differenziert zu betrachten.<\/p>\n<p>Frauen gaben bei einer NRW-Umfrage 2022 h\u00e4ufiger als M\u00e4nner an, durch Hitze an Schlafproblemen, Ersch\u00f6pfungs- und Schw\u00e4chegef\u00fchlen, Konzentrationsschwierigkeiten, Kopfschmerzen und Kreislaufschwierigkeiten zu leiden. Weitreichende Erkenntnisse liegen f\u00fcr das Gesundheitsrisiko von Schwangeren und ungeborenen Kindern durch Hitze vor. So erh\u00f6hen beispielsweise Hitzewellen das Risiko einer Fr\u00fchgeburt, insbesondere zum Ende der Schwangerschaft.<\/p>\n<p>Eine Auseinandersetzung mit Klimagesundheit ist auch vor dem Hintergrund eines sich ver\u00e4ndernden Arbeitsmarktes n\u00f6tig. Um die Gesundheit von Mitarbeiterinnen und Mitarbeitern zu sch\u00fctzen und Arbeitspl\u00e4tze zukunftsf\u00e4hig zu gestalten, ist es wichtig, Folgen von Extremwetterlagen mitzudenken. Ein erfolgreicher Umgang mit den aus der Klimakrise erwachsenen Gesundheitsrisiken muss in der Kommunikation, Aufkl\u00e4rung, Pr\u00e4vention, Planung und Ergreifung von Schutzma\u00dfnahmen geschlechtersensibel und geschlechtergerecht konzipiert und umgesetzt werden.<\/p>\n<p>Die Aktualit\u00e4t dieses Antrags wird nicht zuletzt durch die erfolgreiche Klage einer Gruppe von Schweizer Seniorinnen vor dem zum Europarat geh\u00f6renden Europ\u00e4ischen Gerichtshof f\u00fcr Menschenrechte (EGMR) deutlich. Der EGMR stellt fest, dass mangelnde Klimaschutzma\u00dfnahmen das Recht auf Leben sowie auf Privat- und Familienleben verletzen, sowie dass die Gesundheit \u00e4lterer Frauen durch st\u00e4rkere und l\u00e4nger andauernde Hitzewellen in besonderem Ma\u00dfe gef\u00e4hrdet ist.<\/p>\n<p>Als erste erfolgreiche Klimaklage vor dem EGMR ist das Urteil ein Pr\u00e4zedenzfall, indem es Klimaschutz zu einer Frage der Menschenrechte erhebt. Da es die Dringlichkeit des Handlungsbedarfs f\u00fcr Klimagesundheit in besonderer Weise verdeutlicht, muss es auch f\u00fcr das Handeln in NRW richtungsweisend sein.<\/p>\n","protected":false},"excerpt":{"rendered":"<p>Nach Informationen des Landeszentrums Gesundheit NRW (LZG) hat Hitze auf die Geschlechter und Altersgruppen unterschiedliche Auswirkungen. Als besonders gef\u00e4hrdete Personengruppen werden dabei \u00e4ltere Menschen, Menschen mit Vorerkrankungen, Menschen, die Medikamente&hellip; <\/p>\n","protected":false},"author":1,"featured_media":0,"comment_status":"closed","ping_status":"closed","sticky":false,"template":"","format":"standard","meta":{"footnotes":""},"categories":[4120,297,216,29],"tags":[4030,4032,4031,2013,3972,484,771,1944],"quellen":[1317],"class_list":["post-11396","post","type-post","status-publish","format-standard","hentry","category-die-woche-im-landtag","category-gesundheit","category-land","category-umwelt","tag-aktionsplan-klimagesundheit-nrw","tag-europaeischer-gerichtshof-fuer-menschenrechte","tag-extremwetterlagen","tag-hitzewellen","tag-klimagesundheit","tag-klimaschutz","tag-klimawandel","tag-menschenrechte","quellen-mdl-sonja-bongers"],"_links":{"self":[{"href":"https:\/\/meier-gerdingh.de\/wp-spd-ob\/wp-json\/wp\/v2\/posts\/11396","targetHints":{"allow":["GET"]}}],"collection":[{"href":"https:\/\/meier-gerdingh.de\/wp-spd-ob\/wp-json\/wp\/v2\/posts"}],"about":[{"href":"https:\/\/meier-gerdingh.de\/wp-spd-ob\/wp-json\/wp\/v2\/types\/post"}],"author":[{"embeddable":true,"href":"https:\/\/meier-gerdingh.de\/wp-spd-ob\/wp-json\/wp\/v2\/users\/1"}],"replies":[{"embeddable":true,"href":"https:\/\/meier-gerdingh.de\/wp-spd-ob\/wp-json\/wp\/v2\/comments?post=11396"}],"version-history":[{"count":0,"href":"https:\/\/meier-gerdingh.de\/wp-spd-ob\/wp-json\/wp\/v2\/posts\/11396\/revisions"}],"wp:attachment":[{"href":"https:\/\/meier-gerdingh.de\/wp-spd-ob\/wp-json\/wp\/v2\/media?parent=11396"}],"wp:term":[{"taxonomy":"category","embeddable":true,"href":"https:\/\/meier-gerdingh.de\/wp-spd-ob\/wp-json\/wp\/v2\/categories?post=11396"},{"taxonomy":"post_tag","embeddable":true,"href":"https:\/\/meier-gerdingh.de\/wp-spd-ob\/wp-json\/wp\/v2\/tags?post=11396"},{"taxonomy":"quellen","embeddable":true,"href":"https:\/\/meier-gerdingh.de\/wp-spd-ob\/wp-json\/wp\/v2\/quellen?post=11396"}],"curies":[{"name":"wp","href":"https:\/\/api.w.org\/{rel}","templated":true}]}}