{"id":11398,"date":"2024-04-24T13:38:51","date_gmt":"2024-04-24T11:38:51","guid":{"rendered":"https:\/\/meier-gerdingh.de\/wp-spd-ob\/?p=11398"},"modified":"2024-06-13T14:42:18","modified_gmt":"2024-06-13T12:42:18","slug":"landesregierung-muss-gesamtkonzept-zur-unterrichtsversorgung-in-nrw-vorlegen","status":"publish","type":"post","link":"https:\/\/meier-gerdingh.de\/wp-spd-ob\/2024\/04\/24\/landesregierung-muss-gesamtkonzept-zur-unterrichtsversorgung-in-nrw-vorlegen\/","title":{"rendered":"Landesregierung muss Gesamtkonzept zur Unterrichtsversorgung in NRW vorlegen"},"content":{"rendered":"<p><a href=\"https:\/\/meier-gerdingh.de\/wp-spd-ob\/wp-content\/uploads\/2023\/03\/banner-diese-woche-im-landtag-01.jpg\"><img decoding=\"async\" src=\"https:\/\/meier-gerdingh.de\/wp-spd-ob\/wp-content\/uploads\/2023\/03\/banner-diese-woche-im-landtag-01.jpg\" alt=\"\" width=\"700\" height=\"258\" class=\"aligncenter size-full wp-image-10267\" srcset=\"https:\/\/meier-gerdingh.de\/wp-spd-ob\/wp-content\/uploads\/2023\/03\/banner-diese-woche-im-landtag-01.jpg 700w, https:\/\/meier-gerdingh.de\/wp-spd-ob\/wp-content\/uploads\/2023\/03\/banner-diese-woche-im-landtag-01-300x111.jpg 300w\" sizes=\"(max-width: 700px) 100vw, 700px\" \/><\/a><div id=\"attachment_7690\" style=\"width: 170px\" class=\"wp-caption alignleft\"><a href=\"https:\/\/meier-gerdingh.de\/wp-spd-ob\/wp-content\/uploads\/2020\/11\/bongers-sonja-2020-lg.jpg\"><img aria-describedby=\"caption-attachment-7690\" decoding=\"async\" class=\"size-full wp-image-7690\" src=\"https:\/\/meier-gerdingh.de\/wp-spd-ob\/wp-content\/uploads\/2020\/11\/bongers-sonja-2020.jpg\" alt=\"\" width=\"160\" height=\"200\" \/><\/a><p id=\"caption-attachment-7690\" class=\"wp-caption-text\">Sonja Bongers ist Vorsitzende der SPD-Ratsfraktion und Mitglied des Landtags von Nordrhein-Westfalen<\/p><\/div><\/p>\n<p>4,7 Prozent der erfassten Unterrichtsstunden im gegebenen Zeitraum ersatzlos ausgefallen; es wurden lediglich 78,3 Prozent der Unterrichtsstunden gem\u00e4\u00df Stundenplan erteilt. \u00dcbersetzt hei\u00dft das: Fast jede f\u00fcnfte Unterrichtsstunde findet in NRW nicht wie geplant statt. Unter dem Unterrichtsausfall leiden Sch\u00fclerinnen und Sch\u00fcler an Schulen in sozialen Brennpunkten besonders \u2013 denn hier ist der Lehrkr\u00e4ftemangel erfahrungsgem\u00e4\u00df eklatant. Auf diese Weise werden soziale Ungerechtigkeiten weiter versch\u00e4rft.<\/p>\n<p>Die gr\u00f6\u00dfte Herausforderung bei der Bek\u00e4mpfung von Unterrichtsausfall ist der Lehrkr\u00e4ftemangel. Vollkommen klar ist: Schule braucht Unterricht. Und f\u00fcr Unterricht braucht es Lehrkr\u00e4fte. Doch es ist bekannt, dass in NRW etwa 7.100 Lehrkr\u00e4fte fehlen; au\u00dferdem sind derzeit etwa neun Prozent aller Schulleistungsstellen in NRW unbesetzt.<!--more--><\/p>\n<p>Au\u00dferdem ist bekannt, dass das Defizit vor allem im Bereich der MINT-F\u00e4cher steigen wird. So werden die Lehrkr\u00e4fte durch \u00fcberm\u00e4\u00dfigen Vertretungsunterricht und Personalmangel obendrein zus\u00e4tzlich belastet, was wiederum zu \u00dcberbelastung und Krankmeldungen f\u00fchrt.<\/p>\n<p>Es ist also offenkundig, dass es mehr Anstrengungen und zus\u00e4tzliche Ma\u00dfnahmen braucht, um Lehrkr\u00e4fte im Beruf zu halten, zus\u00e4tzliche Lehrkr\u00e4fte zu gewinnen und mehr Menschen f\u00fcr das Lehramtsstudium und den Quereinstieg ins Lehramt zu \u00fcberzeugen. Denn die Folgen von Unterrichtsausfall und Lehrkr\u00e4ftemangel sind allen Beteiligten hinreichend bekannt und in den vergangenen Jahren auch immer wieder wissenschaftlich belegt worden.<\/p>\n","protected":false},"excerpt":{"rendered":"<p>4,7 Prozent der erfassten Unterrichtsstunden im gegebenen Zeitraum ersatzlos ausgefallen; es wurden lediglich 78,3 Prozent der Unterrichtsstunden gem\u00e4\u00df Stundenplan erteilt. \u00dcbersetzt hei\u00dft das: Fast jede f\u00fcnfte Unterrichtsstunde findet in NRW&hellip; <\/p>\n","protected":false},"author":1,"featured_media":0,"comment_status":"closed","ping_status":"closed","sticky":false,"template":"","format":"standard","meta":{"footnotes":""},"categories":[231,4120,216,2],"tags":[1801,2990,4038,3857,2988],"quellen":[1317],"class_list":["post-11398","post","type-post","status-publish","format-standard","hentry","category-bildung","category-die-woche-im-landtag","category-land","category-schule","tag-lehrermangel","tag-lehrkraeftemangel","tag-mint-faecher","tag-schulleitungsstellen","tag-unterrichtsausfall","quellen-mdl-sonja-bongers"],"_links":{"self":[{"href":"https:\/\/meier-gerdingh.de\/wp-spd-ob\/wp-json\/wp\/v2\/posts\/11398","targetHints":{"allow":["GET"]}}],"collection":[{"href":"https:\/\/meier-gerdingh.de\/wp-spd-ob\/wp-json\/wp\/v2\/posts"}],"about":[{"href":"https:\/\/meier-gerdingh.de\/wp-spd-ob\/wp-json\/wp\/v2\/types\/post"}],"author":[{"embeddable":true,"href":"https:\/\/meier-gerdingh.de\/wp-spd-ob\/wp-json\/wp\/v2\/users\/1"}],"replies":[{"embeddable":true,"href":"https:\/\/meier-gerdingh.de\/wp-spd-ob\/wp-json\/wp\/v2\/comments?post=11398"}],"version-history":[{"count":0,"href":"https:\/\/meier-gerdingh.de\/wp-spd-ob\/wp-json\/wp\/v2\/posts\/11398\/revisions"}],"wp:attachment":[{"href":"https:\/\/meier-gerdingh.de\/wp-spd-ob\/wp-json\/wp\/v2\/media?parent=11398"}],"wp:term":[{"taxonomy":"category","embeddable":true,"href":"https:\/\/meier-gerdingh.de\/wp-spd-ob\/wp-json\/wp\/v2\/categories?post=11398"},{"taxonomy":"post_tag","embeddable":true,"href":"https:\/\/meier-gerdingh.de\/wp-spd-ob\/wp-json\/wp\/v2\/tags?post=11398"},{"taxonomy":"quellen","embeddable":true,"href":"https:\/\/meier-gerdingh.de\/wp-spd-ob\/wp-json\/wp\/v2\/quellen?post=11398"}],"curies":[{"name":"wp","href":"https:\/\/api.w.org\/{rel}","templated":true}]}}