{"id":11410,"date":"2024-04-29T13:58:58","date_gmt":"2024-04-29T11:58:58","guid":{"rendered":"https:\/\/meier-gerdingh.de\/wp-spd-ob\/?p=11410"},"modified":"2024-04-29T13:58:58","modified_gmt":"2024-04-29T11:58:58","slug":"fuer-mehr-bildungsgerechtigkeit","status":"publish","type":"post","link":"https:\/\/meier-gerdingh.de\/wp-spd-ob\/2024\/04\/29\/fuer-mehr-bildungsgerechtigkeit\/","title":{"rendered":"F\u00fcr mehr Bildungsgerechtigkeit"},"content":{"rendered":"<div id=\"attachment_9529\" style=\"width: 170px\" class=\"wp-caption alignleft\"><a href=\"https:\/\/meier-gerdingh.de\/wp-spd-ob\/wp-content\/uploads\/2022\/10\/zimkeit-stefan-22-lg.jpg\"><img aria-describedby=\"caption-attachment-9529\" decoding=\"async\" class=\"size-full wp-image-9529\" src=\"https:\/\/meier-gerdingh.de\/wp-spd-ob\/wp-content\/uploads\/2022\/10\/zimkeit-stefan-22.jpg\" alt=\"\" width=\"160\" height=\"200\" \/><\/a><p id=\"caption-attachment-9529\" class=\"wp-caption-text\">Stefan Zimkeit ist Landtagsabgeordneter f\u00fcr Oberhausen-Sterkrade und Dinslaken<\/p><\/div>\n<p>&#8222;Acht Oberhausener Schulen profitieren ab August vom Startchancen-Programm, das auf Initiative der SPD auf den Weg gebracht wurde&#8220;, teilt Stefan Zimkeit mit. &#8222;Der Bildungserfolg von Kindern h\u00e4ngt bei uns immer st\u00e4rker vom Elternhaus ab. Das ist extrem ungerecht. Das Programm soll einen Beitrag daf\u00fcr leisten, dass die Bildung unserer Kinder nicht vom Geldbeutel der Eltern abh\u00e4ngt.&#8220;<\/p>\n<p>In Oberhausen sind die Gesamtschule Osterfeld, die Anne-Frank-Realschule sowie die Adolf-Feld-, Astrid-Lindgren-, Concordia-, Erich K\u00e4stner- und Falkenstein-Grundschule teilnahmeberechtigt. &#8222;Insgesamt 2,3 Milliarden Euro Bundesmittel flie\u00dfen mit dem Startchancen-Programm nach NRW&#8220;, sagt Zimkeit. &#8222;Damit wurde im Bund etwas erreicht, wozu die Landesregierung nicht in der Lage war.&#8220;<!--more--><\/p>\n<p>Der SPD-Finanzexperte fordert, dass sich das Land im gleichen Umfang an dem Programm beteiligt. &#8222;Das ist im Grunde auch so vereinbart, schlie\u00dflich ist Bildung L\u00e4ndersache. Aber bislang kann ich nicht erkennen, dass der NRW-Finanzminister dies wirklich so umsetzen will, dass das Geld bei den Schulen ankommt&#8220;, so Zimkeit.<\/p>\n<p>Auswahlkriterium f\u00fcr das Startchancen-Programm ist der Schulsozialindex, der den Anteil von Sch\u00fclerinnen und Sch\u00fclern mit Migrationsgeschichte sowie die Armutsgef\u00e4hrdung im Stadtteil ber\u00fccksichtigt. Die Programmf\u00f6rderung gliedert sich in drei S\u00e4ulen:<\/p>\n<ul>\n<li>die Verbesserung der schulischen Ausstattung,<\/li>\n<li>die Finanzierung multiprofessioneller Teams und<\/li>\n<li>die Bereitstellung eines individuellen Chancenbudgets f\u00fcr den besonderen Bedarf der Schule.<\/li>\n<\/ul>\n<p>&#8222;Das Programm zielt darauf, den Schulerfolg von der sozialen Herkunft der Kinder zu entkoppeln. Denn nach der Pandemie hat sich die Situation an den Schulen noch einmal erheblich versch\u00e4rft&#8220;, meint Zimkeit. &#8222;Davon sind einige Schulen mehr und andere Schulen weniger betroffen. Deshalb ist es richtig, Schulen hier bei uns mehr zu unterst\u00fctzen als eine Schule im reichen D\u00fcsseldorf-Wittlaer.&#8220;<\/p>\n","protected":false},"excerpt":{"rendered":"<p>&#8222;Acht Oberhausener Schulen profitieren ab August vom Startchancen-Programm, das auf Initiative der SPD auf den Weg gebracht wurde&#8220;, teilt Stefan Zimkeit mit. &#8222;Der Bildungserfolg von Kindern h\u00e4ngt bei uns immer&hellip; <\/p>\n","protected":false},"author":1,"featured_media":0,"comment_status":"closed","ping_status":"closed","sticky":false,"template":"","format":"standard","meta":{"footnotes":""},"categories":[231,98,2],"tags":[2532,249,543,229,4042,1379,4041],"quellen":[331],"class_list":["post-11410","post","type-post","status-publish","format-standard","hentry","category-bildung","category-finanzen","category-schule","tag-bildungsgerechtigkeit","tag-bildungsinvestitionen","tag-bundesfoerderung","tag-bundesmittel","tag-schulsozialindex","tag-sozialindex","tag-startchancen-programm","quellen-mdl-stefan-zimkeit"],"_links":{"self":[{"href":"https:\/\/meier-gerdingh.de\/wp-spd-ob\/wp-json\/wp\/v2\/posts\/11410","targetHints":{"allow":["GET"]}}],"collection":[{"href":"https:\/\/meier-gerdingh.de\/wp-spd-ob\/wp-json\/wp\/v2\/posts"}],"about":[{"href":"https:\/\/meier-gerdingh.de\/wp-spd-ob\/wp-json\/wp\/v2\/types\/post"}],"author":[{"embeddable":true,"href":"https:\/\/meier-gerdingh.de\/wp-spd-ob\/wp-json\/wp\/v2\/users\/1"}],"replies":[{"embeddable":true,"href":"https:\/\/meier-gerdingh.de\/wp-spd-ob\/wp-json\/wp\/v2\/comments?post=11410"}],"version-history":[{"count":0,"href":"https:\/\/meier-gerdingh.de\/wp-spd-ob\/wp-json\/wp\/v2\/posts\/11410\/revisions"}],"wp:attachment":[{"href":"https:\/\/meier-gerdingh.de\/wp-spd-ob\/wp-json\/wp\/v2\/media?parent=11410"}],"wp:term":[{"taxonomy":"category","embeddable":true,"href":"https:\/\/meier-gerdingh.de\/wp-spd-ob\/wp-json\/wp\/v2\/categories?post=11410"},{"taxonomy":"post_tag","embeddable":true,"href":"https:\/\/meier-gerdingh.de\/wp-spd-ob\/wp-json\/wp\/v2\/tags?post=11410"},{"taxonomy":"quellen","embeddable":true,"href":"https:\/\/meier-gerdingh.de\/wp-spd-ob\/wp-json\/wp\/v2\/quellen?post=11410"}],"curies":[{"name":"wp","href":"https:\/\/api.w.org\/{rel}","templated":true}]}}