{"id":11416,"date":"2024-05-02T22:33:51","date_gmt":"2024-05-02T20:33:51","guid":{"rendered":"https:\/\/meier-gerdingh.de\/wp-spd-ob\/?p=11416"},"modified":"2024-05-02T22:33:51","modified_gmt":"2024-05-02T20:33:51","slug":"massnahmen-zur-verkehrssicherung-vor-kita-umgesetzt","status":"publish","type":"post","link":"https:\/\/meier-gerdingh.de\/wp-spd-ob\/2024\/05\/02\/massnahmen-zur-verkehrssicherung-vor-kita-umgesetzt\/","title":{"rendered":"Ma\u00dfnahmen zur Verkehrssicherung vor Kita umgesetzt"},"content":{"rendered":"<div id=\"attachment_11417\" style=\"width: 710px\" class=\"wp-caption aligncenter\"><a href=\"https:\/\/meier-gerdingh.de\/wp-spd-ob\/wp-content\/uploads\/2024\/05\/ov-west-kita-alstadener-strasse-24-lg.jpg\"><img aria-describedby=\"caption-attachment-11417\" decoding=\"async\" class=\"size-full wp-image-11417\" src=\"https:\/\/meier-gerdingh.de\/wp-spd-ob\/wp-content\/uploads\/2024\/05\/ov-west-kita-alstadener-strasse-24.jpg\" alt=\"\" width=\"700\" height=\"400\" srcset=\"https:\/\/meier-gerdingh.de\/wp-spd-ob\/wp-content\/uploads\/2024\/05\/ov-west-kita-alstadener-strasse-24.jpg 700w, https:\/\/meier-gerdingh.de\/wp-spd-ob\/wp-content\/uploads\/2024\/05\/ov-west-kita-alstadener-strasse-24-300x171.jpg 300w\" sizes=\"(max-width: 700px) 100vw, 700px\" \/><\/a><p id=\"caption-attachment-11417\" class=\"wp-caption-text\">Jutta Klu\u00df, Mitglied der Bezirksvertretung Alt-Oberhausen, und Dagmar Heitmann, Stadtverordnete f\u00fcr Alstaden-Nord, vor der Kita Ziegelsteinchen an der Alstadener Stra\u00dfe<\/p><\/div>\n<p>Auf Initiative der beiden SPD-Politikerinnen Dagmar Heitmann und Jutta Klu\u00df wurde die Verkehrssituation vor der Kindertageseinrichtung Ziegelsteinchen auf der Alstadener Stra\u00dfe entsch\u00e4rft. &#8222;Wir wurden von Eltern auf die gef\u00e4hrliche Verkehrssituation durch sog. Elterntaxis vor der Kita aufmerksam gemacht und haben bei einem Vor-Ort-Termin mit Elternvertretern und der KiTa-Leitung gemeinsam \u00fcberlegt, wie man die Situation entsch\u00e4rfen kann&#8220;, erz\u00e4hlt die Stadtverordnete Dagmar Heitmann.<!--more--><\/p>\n<p>&#8222;Daraufhin haben wir uns mit den Fachleuten im Rathaus in Verbindung gesetzt und daf\u00fcr eingesetzt, dass Sperrpfosten vor dem Eingangsbereich errichtet werden und die Geschwindigkeitsbegrenzung vor der Kita zeitlich ausgeweitet wird. Das ging ganz unkompliziert&#8220;, berichtet Jutta Klu\u00df, Mitglied der Bezirksvertretung Alt-Oberhausen. Die eigentliche Umsetzung hat nochmal einige Wochen in Anspruch genommen. Nun freuen sich alle Beteiligten umso mehr \u00fcber das Ergebnis.<\/p>\n","protected":false},"excerpt":{"rendered":"<p>Auf Initiative der beiden SPD-Politikerinnen Dagmar Heitmann und Jutta Klu\u00df wurde die Verkehrssituation vor der Kindertageseinrichtung Ziegelsteinchen auf der Alstadener Stra\u00dfe entsch\u00e4rft. &#8222;Wir wurden von Eltern auf die gef\u00e4hrliche Verkehrssituation&hellip; <\/p>\n","protected":false},"author":1,"featured_media":0,"comment_status":"closed","ping_status":"closed","sticky":false,"template":"","format":"standard","meta":{"footnotes":""},"categories":[179,7],"tags":[134,4044,4046,165,4045,426,4043],"quellen":[335],"class_list":["post-11416","post","type-post","status-publish","format-standard","hentry","category-kinder-und-jugendliche","category-sicherheit","tag-alstaden","tag-elterntaxis","tag-geschwindigkeitsbegrenzung","tag-kitas","tag-kte-ziegelsteinchen","tag-verkehrsberuhigung","tag-verkehrssicherung","quellen-ov-west"],"_links":{"self":[{"href":"https:\/\/meier-gerdingh.de\/wp-spd-ob\/wp-json\/wp\/v2\/posts\/11416","targetHints":{"allow":["GET"]}}],"collection":[{"href":"https:\/\/meier-gerdingh.de\/wp-spd-ob\/wp-json\/wp\/v2\/posts"}],"about":[{"href":"https:\/\/meier-gerdingh.de\/wp-spd-ob\/wp-json\/wp\/v2\/types\/post"}],"author":[{"embeddable":true,"href":"https:\/\/meier-gerdingh.de\/wp-spd-ob\/wp-json\/wp\/v2\/users\/1"}],"replies":[{"embeddable":true,"href":"https:\/\/meier-gerdingh.de\/wp-spd-ob\/wp-json\/wp\/v2\/comments?post=11416"}],"version-history":[{"count":0,"href":"https:\/\/meier-gerdingh.de\/wp-spd-ob\/wp-json\/wp\/v2\/posts\/11416\/revisions"}],"wp:attachment":[{"href":"https:\/\/meier-gerdingh.de\/wp-spd-ob\/wp-json\/wp\/v2\/media?parent=11416"}],"wp:term":[{"taxonomy":"category","embeddable":true,"href":"https:\/\/meier-gerdingh.de\/wp-spd-ob\/wp-json\/wp\/v2\/categories?post=11416"},{"taxonomy":"post_tag","embeddable":true,"href":"https:\/\/meier-gerdingh.de\/wp-spd-ob\/wp-json\/wp\/v2\/tags?post=11416"},{"taxonomy":"quellen","embeddable":true,"href":"https:\/\/meier-gerdingh.de\/wp-spd-ob\/wp-json\/wp\/v2\/quellen?post=11416"}],"curies":[{"name":"wp","href":"https:\/\/api.w.org\/{rel}","templated":true}]}}