{"id":11491,"date":"2024-05-31T11:24:24","date_gmt":"2024-05-31T09:24:24","guid":{"rendered":"https:\/\/meier-gerdingh.de\/wp-spd-ob\/?p=11491"},"modified":"2024-06-11T11:24:39","modified_gmt":"2024-06-11T09:24:39","slug":"grosskundgebung-am-8-juni-in-duisburg","status":"publish","type":"post","link":"https:\/\/meier-gerdingh.de\/wp-spd-ob\/2024\/05\/31\/grosskundgebung-am-8-juni-in-duisburg\/","title":{"rendered":"Gro\u00dfkundgebung am 8.&nbsp;Juni in Duisburg"},"content":{"rendered":"<p><a href=\"https:\/\/meier-gerdingh.de\/wp-spd-ob\/wp-content\/uploads\/2024\/05\/banner-europawahlkampf-2024-abschlussveranstaltung.jpg\"><img decoding=\"async\" class=\"aligncenter size-full wp-image-11492\" src=\"https:\/\/meier-gerdingh.de\/wp-spd-ob\/wp-content\/uploads\/2024\/05\/banner-europawahlkampf-2024-abschlussveranstaltung.jpg\" alt=\"\" width=\"960\" height=\"540\" srcset=\"https:\/\/meier-gerdingh.de\/wp-spd-ob\/wp-content\/uploads\/2024\/05\/banner-europawahlkampf-2024-abschlussveranstaltung.jpg 960w, https:\/\/meier-gerdingh.de\/wp-spd-ob\/wp-content\/uploads\/2024\/05\/banner-europawahlkampf-2024-abschlussveranstaltung-300x169.jpg 300w\" sizes=\"(max-width: 960px) 100vw, 960px\" \/><\/a>Die SPD-Spitze kommt gemeinsam nach <strong>Duisburg<\/strong> auf den <strong>K\u00f6nig-Heinrich-Platz<\/strong> zur Abschlusskundgebung f\u00fcr die Europawahl. Neben <strong>Katarina Barley<\/strong> sind auch die SPD-Vorsitzenden <strong>Saskia Esken<\/strong> und <strong>Lars Klingbeil<\/strong>, der SPD-Generalsekret\u00e4r <strong>Kevin K\u00fchnert<\/strong> sowie Bundeskanzler <strong>Olaf Scholz<\/strong> mit dabei. Auch die F\u00fchrung der NRWSPD wird mit <strong>Sarah Philipp<\/strong> und <strong>Achim Post<\/strong> zum Schlussspurt in Duisburg sein. Start ist um 14.30 Uhr.<!--more--><\/p>\n<p>Neben den politischen Top-G\u00e4sten wird es auch <strong>musikalische Begleitung<\/strong> geben. Mit <strong>Spax<\/strong> kommt ein NRW-Hip-Hop-K\u00fcnstler der ersten Stunde nach Duisburg. Manche kennen ihn vielleicht vom ehemaligen Musiksender VIVA, andere aus der 90er-Jahre-Serie Schloss Einstein oder auch ganz aktuell als Schulpate f\u00fcr das Netzwerk &#8222;Schule ohne Rassismus&#8220;. Spax macht Musik mit wichtigen Texten \u2013 gegen Rechts, gegen Sexismus. Damit formt er schon seit den 90er-Jahren die deutsche Hip-Hop-Szene und wurde zum \u00bbUnesco City of Music Botschafter\u00ab ausgezeichnet.<\/p>\n<p>Melde Dich \/ Melden Sie sich <a href=\"https:\/\/nrw.spd-infoportal.de\/Wahlkampfabschluss-Europa?utm_source=nl&#038;utm_medium=email\">hier<\/a> an, um auf dem Laufenden zu bleiben!<\/p>\n<p>Aus Sicherheitsgr\u00fcnden sind f\u00fcr den Zugang zum Veranstaltungsgel\u00e4nde <strong>Taschenkontrollen<\/strong> vorgesehen. Wir bitten hierf\u00fcr um Verst\u00e4ndnis.<\/p>\n<p>Wir haben beispielhaft drei m\u00f6gliche <strong>Zugverbindungen von Oberhausen nach Duisburg<\/strong> rausgesucht:<\/p>\n<p>Von <strong>Oberhausen Hbf<\/strong>, <strong>Abfahrt 13:08 Uhr<\/strong>, Gl. 12 mit VIA20021,<br \/>\nnach <strong>Duisburg Hbf<\/strong>, Ankunft 13:15 Uhr, Gl. 2 mit VIA20021<\/p>\n<p>Von <strong>Oberhausen Hbf<\/strong>, <strong>Abfahrt 13:19 Uhr<\/strong>, Gl. 7 mit RB 31259,<br \/>\nnach <strong>Duisburg Hbf<\/strong>, Ankunft 13:24 Uhr, Gl. 1 A mit RB 31259<\/p>\n<p>Von <strong>Oberhausen Hbf<\/strong>, <strong>Abfahrt 13:50 Uhr<\/strong>, Gl. 7 mit RE 89882,<br \/>\nnach <strong>Duisburg Hbf<\/strong>, Ankunft 13:56 Uhr Gl. 2 mit RE 89882<\/p>\n<p>Der Fu\u00dfweg vom Hauptbahnhof zum K\u00f6nig-Heinrich-Platz betr\u00e4gt ca. 700 m.<\/p>\n","protected":false},"excerpt":{"rendered":"<p>Die SPD-Spitze kommt gemeinsam nach Duisburg auf den K\u00f6nig-Heinrich-Platz zur Abschlusskundgebung f\u00fcr die Europawahl. Neben Katarina Barley sind auch die SPD-Vorsitzenden Saskia Esken und Lars Klingbeil, der SPD-Generalsekret\u00e4r Kevin K\u00fchnert&hellip; <\/p>\n","protected":false},"author":1,"featured_media":0,"comment_status":"closed","ping_status":"closed","sticky":false,"template":"","format":"standard","meta":{"footnotes":""},"categories":[171,178],"tags":[4090,89,3870,4091,1112],"quellen":[327],"class_list":["post-11491","post","type-post","status-publish","format-standard","hentry","category-veranstaltungen","category-wahlen","tag-abschlusskundgebung","tag-europawahl","tag-europawahl-2024","tag-spax","tag-wahlkampf","quellen-spd-unterbezirk-oberhausen"],"_links":{"self":[{"href":"https:\/\/meier-gerdingh.de\/wp-spd-ob\/wp-json\/wp\/v2\/posts\/11491","targetHints":{"allow":["GET"]}}],"collection":[{"href":"https:\/\/meier-gerdingh.de\/wp-spd-ob\/wp-json\/wp\/v2\/posts"}],"about":[{"href":"https:\/\/meier-gerdingh.de\/wp-spd-ob\/wp-json\/wp\/v2\/types\/post"}],"author":[{"embeddable":true,"href":"https:\/\/meier-gerdingh.de\/wp-spd-ob\/wp-json\/wp\/v2\/users\/1"}],"replies":[{"embeddable":true,"href":"https:\/\/meier-gerdingh.de\/wp-spd-ob\/wp-json\/wp\/v2\/comments?post=11491"}],"version-history":[{"count":0,"href":"https:\/\/meier-gerdingh.de\/wp-spd-ob\/wp-json\/wp\/v2\/posts\/11491\/revisions"}],"wp:attachment":[{"href":"https:\/\/meier-gerdingh.de\/wp-spd-ob\/wp-json\/wp\/v2\/media?parent=11491"}],"wp:term":[{"taxonomy":"category","embeddable":true,"href":"https:\/\/meier-gerdingh.de\/wp-spd-ob\/wp-json\/wp\/v2\/categories?post=11491"},{"taxonomy":"post_tag","embeddable":true,"href":"https:\/\/meier-gerdingh.de\/wp-spd-ob\/wp-json\/wp\/v2\/tags?post=11491"},{"taxonomy":"quellen","embeddable":true,"href":"https:\/\/meier-gerdingh.de\/wp-spd-ob\/wp-json\/wp\/v2\/quellen?post=11491"}],"curies":[{"name":"wp","href":"https:\/\/api.w.org\/{rel}","templated":true}]}}