{"id":11497,"date":"2024-06-07T21:02:41","date_gmt":"2024-06-07T19:02:41","guid":{"rendered":"https:\/\/meier-gerdingh.de\/wp-spd-ob\/?p=11497"},"modified":"2024-06-07T21:03:58","modified_gmt":"2024-06-07T19:03:58","slug":"spd-generalsekretaer-kevin-kuehnert-kommt-nach-sterkrade","status":"publish","type":"post","link":"https:\/\/meier-gerdingh.de\/wp-spd-ob\/2024\/06\/07\/spd-generalsekretaer-kevin-kuehnert-kommt-nach-sterkrade\/","title":{"rendered":"SPD-Generalsekret\u00e4r Kevin K\u00fchnert kommt nach Sterkrade"},"content":{"rendered":"<p><a href=\"https:\/\/meier-gerdingh.de\/wp-spd-ob\/wp-content\/uploads\/2024\/06\/banner-europawahl-2024-kevin-kuehnert-lg.jpg\"><img decoding=\"async\" class=\"aligncenter size-full wp-image-11498\" src=\"https:\/\/meier-gerdingh.de\/wp-spd-ob\/wp-content\/uploads\/2024\/06\/banner-europawahl-2024-kevin-kuehnert.jpg\" alt=\"\" width=\"700\" height=\"700\" srcset=\"https:\/\/meier-gerdingh.de\/wp-spd-ob\/wp-content\/uploads\/2024\/06\/banner-europawahl-2024-kevin-kuehnert.jpg 700w, https:\/\/meier-gerdingh.de\/wp-spd-ob\/wp-content\/uploads\/2024\/06\/banner-europawahl-2024-kevin-kuehnert-300x300.jpg 300w, https:\/\/meier-gerdingh.de\/wp-spd-ob\/wp-content\/uploads\/2024\/06\/banner-europawahl-2024-kevin-kuehnert-150x150.jpg 150w, https:\/\/meier-gerdingh.de\/wp-spd-ob\/wp-content\/uploads\/2024\/06\/banner-europawahl-2024-kevin-kuehnert-330x330.jpg 330w\" sizes=\"(max-width: 700px) 100vw, 700px\" \/><\/a>Am <strong>Samstag<\/strong>, den <strong>08.06.24<\/strong>, kommen der <strong>Generalsekret\u00e4r der Bundes-SPD Kevin K\u00fchnert<\/strong> und<strong> NRW-SPD-Generalsekret\u00e4r Frederick Cordes<\/strong> nach Oberhausen-Sterkrade. Unter dem Motto &#8222;Wir m\u00fcssen reden&#8220; werden die beiden in der Zeit <strong>zwischen 10 und 12 Uhr<\/strong> zusammen mit dem Wahlkampfbus der Jusos und der Oberhausener SPD in der Fu\u00dfg\u00e4ngerzone in der Sterkrader Innenstadt auf der <strong>Bahnhofstra\u00dfe (H\u00f6he Centerpoint)<\/strong> f\u00fcr Gespr\u00e4che mit B\u00fcrgerinnen und B\u00fcrgern zur Verf\u00fcgung stehen.<!--more--><\/p>\n<p>Alle Interessierten sind herzlich eingeladen, sich vor Ort mit Fragen und Anregungen an die Spitzenpolitiker zu wenden und sich zur am Folgetag stattfindenden Europawahl zu informieren.<\/p>\n","protected":false},"excerpt":{"rendered":"<p>Am Samstag, den 08.06.24, kommen der Generalsekret\u00e4r der Bundes-SPD Kevin K\u00fchnert und NRW-SPD-Generalsekret\u00e4r Frederick Cordes nach Oberhausen-Sterkrade. Unter dem Motto &#8222;Wir m\u00fcssen reden&#8220; werden die beiden in der Zeit zwischen&hellip; <\/p>\n","protected":false},"author":1,"featured_media":0,"comment_status":"closed","ping_status":"closed","sticky":false,"template":"","format":"standard","meta":{"footnotes":""},"categories":[178],"tags":[4094,4095,1869,1890,4093,4092,1112],"quellen":[327],"class_list":["post-11497","post","type-post","status-publish","format-standard","hentry","category-wahlen","tag-wir-muessen-reden","tag-europa-parlament","tag-europaeisches-parlament","tag-europawahlkampf","tag-europawahlkampf-2024","tag-kevin-kuehnert","tag-wahlkampf","quellen-spd-unterbezirk-oberhausen"],"_links":{"self":[{"href":"https:\/\/meier-gerdingh.de\/wp-spd-ob\/wp-json\/wp\/v2\/posts\/11497","targetHints":{"allow":["GET"]}}],"collection":[{"href":"https:\/\/meier-gerdingh.de\/wp-spd-ob\/wp-json\/wp\/v2\/posts"}],"about":[{"href":"https:\/\/meier-gerdingh.de\/wp-spd-ob\/wp-json\/wp\/v2\/types\/post"}],"author":[{"embeddable":true,"href":"https:\/\/meier-gerdingh.de\/wp-spd-ob\/wp-json\/wp\/v2\/users\/1"}],"replies":[{"embeddable":true,"href":"https:\/\/meier-gerdingh.de\/wp-spd-ob\/wp-json\/wp\/v2\/comments?post=11497"}],"version-history":[{"count":0,"href":"https:\/\/meier-gerdingh.de\/wp-spd-ob\/wp-json\/wp\/v2\/posts\/11497\/revisions"}],"wp:attachment":[{"href":"https:\/\/meier-gerdingh.de\/wp-spd-ob\/wp-json\/wp\/v2\/media?parent=11497"}],"wp:term":[{"taxonomy":"category","embeddable":true,"href":"https:\/\/meier-gerdingh.de\/wp-spd-ob\/wp-json\/wp\/v2\/categories?post=11497"},{"taxonomy":"post_tag","embeddable":true,"href":"https:\/\/meier-gerdingh.de\/wp-spd-ob\/wp-json\/wp\/v2\/tags?post=11497"},{"taxonomy":"quellen","embeddable":true,"href":"https:\/\/meier-gerdingh.de\/wp-spd-ob\/wp-json\/wp\/v2\/quellen?post=11497"}],"curies":[{"name":"wp","href":"https:\/\/api.w.org\/{rel}","templated":true}]}}