{"id":115,"date":"2000-01-18T17:00:00","date_gmt":"2000-01-18T15:00:00","guid":{"rendered":"http:\/\/www.meier-gerdingh.de\/spd-oberhausen\/wp\/?p=115"},"modified":"2017-05-01T13:14:01","modified_gmt":"2017-05-01T11:14:01","slug":"spd-fraktion-fuer-peter-klunk-als-krautzberger-nachfolger","status":"publish","type":"post","link":"https:\/\/meier-gerdingh.de\/wp-spd-ob\/2000\/01\/18\/spd-fraktion-fuer-peter-klunk-als-krautzberger-nachfolger\/","title":{"rendered":"SPD-Fraktion f\u00fcr Peter Klunk als Krautzberger-Nachfolger"},"content":{"rendered":"<div style=\"width: 110px\" class=\"wp-caption alignleft\"><a href=\"http:\/\/meier-gerdingh.de\/wp-spd-ob\/wp-content\/uploads\/klunk.jpg\"><img decoding=\"async\" class=\"size-full\" src=\"http:\/\/meier-gerdingh.de\/wp-spd-ob\/wp-content\/uploads\/klunk.jpg\" alt=\"Peter Klunk\" width=\"100\" height=\"139\" \/><\/a><p class=\"wp-caption-text\">Peter Klunk<\/p><\/div>\n<p>Baudezernent Peter Klunk soll die Nachfolge der nach Berlin gewechselten Maria Krautzberger antreten. Dieses einstimmige Votum fasste die SPD-Fraktion am Montag abend. Au\u00dferdem beschlossen die SPD-Stadtverordneten, die bisher getrennten Dezernate f\u00fcr Planung und Bauen organisatorisch wieder unter einem einzigen Beigeordneten zusammenzufassen.<!--more--><\/p>\n<p>Peter Klunk, so SPD-Fraktionschef Michael Groschek, &#8222;hat in seiner bisherigen T\u00e4tigkeit anerkannt gute Arbeit geleistet, verf\u00fcgt \u00fcber langj\u00e4hrige Erfahrungen im gesamten Oberhausener Bau- und Planungsbereich und hat sich den Ruf eines glaubw\u00fcrdigen Vermittlers zwischen den oft unterschiedlichen Interessen der von Planungsvorhaben betroffenen B\u00fcrgerinnen und B\u00fcrger erworben. Er ist die f\u00fcr Oberhausen naheliegende und er ist die beste Wahl f\u00fcr diese Position.&#8220;<\/p>\n<p>Groschek zeigt sich zuversichtlich, dass dieser Personalvorschlag im Rat \u00fcber Parteigrenzen hinweg eine breite Zustimmung finden kann.<\/p>\n<p>Intensiv besch\u00e4ftigt hat sich die SPD-Fraktion dar\u00fcber hinaus mit der geplanten Gr\u00fcndung der Projekt Ruhr GmbH. Die Sozialdemokraten werden in der n\u00e4chsten Ratssitzung die Verwaltung auffordern, einen entsprechenden Beitrittsbeschluss vorzubereiten bzw. zu beschlie\u00dfen.<\/p>\n<p>&#8222;Mit der Schaffung dieser Regionalgesellschaft neuen Typs er\u00f6ffnet die Landesregierung&#8220;, so Michael Groschek, &#8222;eine neue Etappe des Erneuerungsprozesses im Ruhrgebiet, auf der wir Oberhausener wieder die Nase vorn haben wollen.&#8220; Insbesondere sei zu begr\u00fcssen, dass Ministerpr\u00e4sident Clement die Fortsetzung des sozialvertr\u00e4glichen Strukturwandels in unserer Region durch die unmittelbare Anbindung der Gesellschaft an die Staatskanzlei auch organisatorisch zur Chefsache mache.<\/p>\n<p>Die Projekt Ruhr GmbH soll als unb\u00fcrokratische und flexible Einrichtung den Innovationsprozess im Ruhrgebiet durch die Konzeption und Durchf\u00fchrung von beispielhaften Projekten &#8211; insbesondere in den Bereichen Wirtschafts- und Strukturpolitik, Verkehrspolitik und Logistik, Qualifizierung, Wissenschaft und Kultur &#8211; f\u00f6rdern und beschleunigen.<\/p>\n<p>Neben der Fortf\u00fchrung des IBA-Erbes besteht ein weiterer Schwerpunkt in der Entwicklung von regional bedeutsamen Zukunftsstandorten. Vor diesem Hintergrund soll die Verwaltung unverz\u00fcglich damit beginnen, Projektideen zu entwickeln und zusammenzufassen, f\u00fcr die eine Begleitung durch die Projekt Ruhr GmbH in Frage kommt.<\/p>\n","protected":false},"excerpt":{"rendered":"<p>Baudezernent Peter Klunk soll die Nachfolge der nach Berlin gewechselten Maria Krautzberger antreten. Dieses einstimmige Votum fasste die SPD-Fraktion am Montag abend. Au\u00dferdem beschlossen die SPD-Stadtverordneten, die bisher getrennten Dezernate&hellip; <\/p>\n","protected":false},"author":1,"featured_media":0,"comment_status":"closed","ping_status":"closed","sticky":false,"template":"","format":"standard","meta":{"footnotes":""},"categories":[1],"tags":[],"quellen":[],"class_list":["post-115","post","type-post","status-publish","format-standard","hentry","category-allgemein"],"_links":{"self":[{"href":"https:\/\/meier-gerdingh.de\/wp-spd-ob\/wp-json\/wp\/v2\/posts\/115","targetHints":{"allow":["GET"]}}],"collection":[{"href":"https:\/\/meier-gerdingh.de\/wp-spd-ob\/wp-json\/wp\/v2\/posts"}],"about":[{"href":"https:\/\/meier-gerdingh.de\/wp-spd-ob\/wp-json\/wp\/v2\/types\/post"}],"author":[{"embeddable":true,"href":"https:\/\/meier-gerdingh.de\/wp-spd-ob\/wp-json\/wp\/v2\/users\/1"}],"replies":[{"embeddable":true,"href":"https:\/\/meier-gerdingh.de\/wp-spd-ob\/wp-json\/wp\/v2\/comments?post=115"}],"version-history":[{"count":0,"href":"https:\/\/meier-gerdingh.de\/wp-spd-ob\/wp-json\/wp\/v2\/posts\/115\/revisions"}],"wp:attachment":[{"href":"https:\/\/meier-gerdingh.de\/wp-spd-ob\/wp-json\/wp\/v2\/media?parent=115"}],"wp:term":[{"taxonomy":"category","embeddable":true,"href":"https:\/\/meier-gerdingh.de\/wp-spd-ob\/wp-json\/wp\/v2\/categories?post=115"},{"taxonomy":"post_tag","embeddable":true,"href":"https:\/\/meier-gerdingh.de\/wp-spd-ob\/wp-json\/wp\/v2\/tags?post=115"},{"taxonomy":"quellen","embeddable":true,"href":"https:\/\/meier-gerdingh.de\/wp-spd-ob\/wp-json\/wp\/v2\/quellen?post=115"}],"curies":[{"name":"wp","href":"https:\/\/api.w.org\/{rel}","templated":true}]}}