{"id":11508,"date":"2024-06-07T21:02:25","date_gmt":"2024-06-07T19:02:25","guid":{"rendered":"https:\/\/meier-gerdingh.de\/wp-spd-ob\/?p=11508"},"modified":"2024-06-07T21:02:25","modified_gmt":"2024-06-07T19:02:25","slug":"sonja-bongers-gratuliert-simone-tatjana-stehr","status":"publish","type":"post","link":"https:\/\/meier-gerdingh.de\/wp-spd-ob\/2024\/06\/07\/sonja-bongers-gratuliert-simone-tatjana-stehr\/","title":{"rendered":"Sonja Bongers gratuliert Simone-Tatjana Stehr"},"content":{"rendered":"<div id=\"attachment_7690\" style=\"width: 170px\" class=\"wp-caption alignleft\"><a href=\"https:\/\/meier-gerdingh.de\/wp-spd-ob\/wp-content\/uploads\/2020\/11\/bongers-sonja-2020-lg.jpg\"><img aria-describedby=\"caption-attachment-7690\" decoding=\"async\" class=\"size-full wp-image-7690\" src=\"https:\/\/meier-gerdingh.de\/wp-spd-ob\/wp-content\/uploads\/2020\/11\/bongers-sonja-2020.jpg\" alt=\"\" width=\"160\" height=\"200\" \/><\/a><p id=\"caption-attachment-7690\" class=\"wp-caption-text\">Sonja Bongers ist Vorsitzende der SPD-Ratsfraktion und Mitglied des Landtags von Nordrhein-Westfalen<\/p><\/div>\n<p>&#8222;Ich gratuliere Simone-Tatjana Stehr herzlich zu ihrer Wahl zur neuen CDU-Kreisvorsitzenden von Oberhausen und w\u00fcnsche ihr auch im Namen meiner Fraktion f\u00fcr das Amt viel Gl\u00fcck und Geschick&#8220;, erkl\u00e4rt die SPD-Ratsfraktionsvorsitzende Sonja Bongers zum Wechsel an der Spitze der Oberhausener CDU. Die Christdemokraten hatten am Dienstag die Ratsvorsitzende der Union zur Nachfolgerin von Wilhelm Hausmann gew\u00e4hlt.<\/p>\n<p>&#8222;Wir hoffen, dass die CDU in Zukunft ein seri\u00f6ser Gespr\u00e4chspartner in der politischen Landschaft unserer Stadt bleibt mit dem wir auch gemeinsam f\u00fcr das Wohl Oberhausens streiten k\u00f6nnen \u2013 bei allen politischen Differenzen&#8220;, so Sonja Bongers weiter. Die Fraktionschefin denkt, dass manche ver\u00f6ffentlichten Aussagen der neuen CDU-Chefin in ihrer Bewerbungsrede dem bevorstehenden Wahlgang geschuldet waren.<!--more--><\/p>\n<p>&#8222;Kernige, relativ faktenfreie Aussagen f\u00fcr die eigene Klientel sind ja leider in der Merz-CDU keine Seltenheit&#8220;, so die Fraktionschefin. &#8222;Das B\u00fcrgergeld zu einem &#8218;bedingungslosen Grundeinkommen&#8216; zu erkl\u00e4ren, ist nicht nur faktisch falsch, es zieht auch gesellschaftliche Gr\u00e4ben ein und lenkt von dem ab, was die Politik in erster Linie auf ihrer Agenda haben muss: den Einsatz f\u00fcr die Familien in unserer Stadt und den gesellschaftlichen Zusammenhalt gleicherma\u00dfen&#8220;, sagt Bongers.<\/p>\n<p>&#8222;Ich hoffe, dass Oberhausens CDU in Zukunft die richtigen Priorit\u00e4ten setzt und sachlich die Probleme unserer Stadt angehen will&#8220;, erkl\u00e4rt die Fraktionschefin.<\/p>\n","protected":false},"excerpt":{"rendered":"<p>&#8222;Ich gratuliere Simone-Tatjana Stehr herzlich zu ihrer Wahl zur neuen CDU-Kreisvorsitzenden von Oberhausen und w\u00fcnsche ihr auch im Namen meiner Fraktion f\u00fcr das Amt viel Gl\u00fcck und Geschick&#8220;, erkl\u00e4rt die&hellip; <\/p>\n","protected":false},"author":1,"featured_media":0,"comment_status":"closed","ping_status":"closed","sticky":false,"template":"","format":"standard","meta":{"footnotes":""},"categories":[178],"tags":[1986,4105,4104],"quellen":[326],"class_list":["post-11508","post","type-post","status-publish","format-standard","hentry","category-wahlen","tag-buergergeld","tag-cdu-fraktionsvorsitzende-oberhausen","tag-cdu-vorsitzende-oberhausen","quellen-spd-fraktion-oberhausen"],"_links":{"self":[{"href":"https:\/\/meier-gerdingh.de\/wp-spd-ob\/wp-json\/wp\/v2\/posts\/11508","targetHints":{"allow":["GET"]}}],"collection":[{"href":"https:\/\/meier-gerdingh.de\/wp-spd-ob\/wp-json\/wp\/v2\/posts"}],"about":[{"href":"https:\/\/meier-gerdingh.de\/wp-spd-ob\/wp-json\/wp\/v2\/types\/post"}],"author":[{"embeddable":true,"href":"https:\/\/meier-gerdingh.de\/wp-spd-ob\/wp-json\/wp\/v2\/users\/1"}],"replies":[{"embeddable":true,"href":"https:\/\/meier-gerdingh.de\/wp-spd-ob\/wp-json\/wp\/v2\/comments?post=11508"}],"version-history":[{"count":0,"href":"https:\/\/meier-gerdingh.de\/wp-spd-ob\/wp-json\/wp\/v2\/posts\/11508\/revisions"}],"wp:attachment":[{"href":"https:\/\/meier-gerdingh.de\/wp-spd-ob\/wp-json\/wp\/v2\/media?parent=11508"}],"wp:term":[{"taxonomy":"category","embeddable":true,"href":"https:\/\/meier-gerdingh.de\/wp-spd-ob\/wp-json\/wp\/v2\/categories?post=11508"},{"taxonomy":"post_tag","embeddable":true,"href":"https:\/\/meier-gerdingh.de\/wp-spd-ob\/wp-json\/wp\/v2\/tags?post=11508"},{"taxonomy":"quellen","embeddable":true,"href":"https:\/\/meier-gerdingh.de\/wp-spd-ob\/wp-json\/wp\/v2\/quellen?post=11508"}],"curies":[{"name":"wp","href":"https:\/\/api.w.org\/{rel}","templated":true}]}}