{"id":11531,"date":"2024-06-25T14:54:07","date_gmt":"2024-06-25T12:54:07","guid":{"rendered":"https:\/\/meier-gerdingh.de\/wp-spd-ob\/?p=11531"},"modified":"2024-06-25T14:55:08","modified_gmt":"2024-06-25T12:55:08","slug":"spd-fraktion-legt-huerden-fuer-ausbau-des-autobahnkreuzes-hoeher","status":"publish","type":"post","link":"https:\/\/meier-gerdingh.de\/wp-spd-ob\/2024\/06\/25\/spd-fraktion-legt-huerden-fuer-ausbau-des-autobahnkreuzes-hoeher\/","title":{"rendered":"SPD-Fraktion legt H\u00fcrden f\u00fcr Ausbau des Autobahnkreuzes h\u00f6her"},"content":{"rendered":"<div id=\"attachment_9434\" style=\"width: 170px\" class=\"wp-caption alignleft\"><a href=\"https:\/\/meier-gerdingh.de\/wp-spd-ob\/wp-content\/uploads\/2022\/10\/real-ulrich-portrait-lg.jpg\"><img aria-describedby=\"caption-attachment-9434\" decoding=\"async\" class=\"size-full wp-image-9434\" src=\"https:\/\/meier-gerdingh.de\/wp-spd-ob\/wp-content\/uploads\/2022\/10\/real-ulrich-portrait.jpg\" alt=\"\" width=\"160\" height=\"200\" \/><\/a><p id=\"caption-attachment-9434\" class=\"wp-caption-text\">Ulrich Real ist Bezirksb\u00fcrgermeister von Sterkrade und planungspolitischer Sprecher der SPD-Ratsfraktion<\/p><\/div>\n<p>Gro\u00dfe Ziele erreicht man manchmal mit kleinen Schritten. So ist es der SPD-Ratsfraktion am Montag in der Sitzung des Haupt- und Finanzausschusses ergangen. Ihr <a href=\"https:\/\/meier-gerdingh.de\/wp-spd-ob\/fraktion\/antraege\/aenderungsantrag-der-spd-fraktion-zur-vorlage-b-17-5342-anregung-gemaess-%c2%a7-24-gemeindeordnung-go-nrw-buendnis-fuer-den-erhalt-des-sterkrader-waldes\/\">\u00c4nderungsantrag<\/a> zu einer <a href=\"https:\/\/ratsinfo.oberhausen.de\/vo020?VOLFDNR=1000607\">Anregung des B\u00fcndnisses f\u00fcr den Erhalt des Sterkrader Waldes<\/a>, der vier Unterpunkte enth\u00e4lt, wurde angenommen. \u00dcber den Antrag wurde nicht in seiner Gesamtheit, sondern \u00fcber jeden der vier Unterpunkte einzeln entschieden \u2013 und jeder erhielt eine Mehrheit, bei wechselnden politischen Konstellationen.<\/p>\n<p>&#8222;Das ist etwas kurios&#8220;, fasste der planungspolitische Sprecher Ulrich Real das Abstimmungsergebnis zusammen, &#8222;aber es ist ja etwas Gutes dabei herausgekommen: Die Forderungen, die der Rat bez\u00fcglich des Ausbaus des Autobahnkreuzes schon einmal gestellt hat, wurden bekr\u00e4ftigt, au\u00dferdem erwarten wir nun, dass neueren Entwicklungen im Verkehr und Transport Rechnung getragen werden.&#8220;<\/p>\n<p><!--more--><\/p>\n<p>Das B\u00fcndnis f\u00fcr den Erhalt des Sterkrader Waldes hatte dem Rat eine <a href=\"https:\/\/ratsinfo.oberhausen.de\/vo020?VOLFDNR=1000607\">Resolution<\/a> vorgeschlagen, die eine Aussetzung des Planfeststellungsverfahrens und eine neue Analyse der Verkehrssituation im Autobahnkreuz Oberhausen vorgesehen h\u00e4tte.<\/p>\n<p>Die Verwaltung unter Oberb\u00fcrgermeister Daniel Schranz schlug hingegen vor, die Anregung lediglich zur Kenntnis zu nehmen, da die Argumente der Ausbau-Gegner bereits in der Stellungnahme der Stadt zum Planfeststellungsverfahren thematisiert worden seien.<\/p>\n<p>Die Sozialdemokraten blieben ihrer bisherigen Linie beim Autobahnkreuz-Ausbau treu und formulierten einen \u00c4nderungsantrag ganz im Geiste ihres <a href=\"https:\/\/meier-gerdingh.de\/wp-spd-ob\/fraktion\/antraege\/aenderungsantrag-zur-vorlage-um-und-ausbau-des-autobahnkreuzes-ak-oberhausen-a2-a3-a516\/\">Antrags zum Ausbau aus dem Dezember 2020<\/a>, der damals eine breite Mehrheit im Rat gefunden hatte.<\/p>\n<p>&#8222;Die Forderung, Eingriffe in die Natur und Fl\u00e4chenverbrauch so gering wie m\u00f6glich zu halten, gilt nat\u00fcrlich immer noch&#8220;, stellt Real klar. Deshalb beauftrage der Antrag die Verwaltung erneut, diesen Standpunkt im weiteren Prozess mit Nachdruck zu verfolgen. M\u00f6gliche Ver\u00e4nderungen im Verkehrs- und Transportwesen werden in dem Antrag ebenfalls einbezogen.<\/p>\n<p>&#8222;Wir fordern eine aktualisierte Bedarfsplan\u00fcberpr\u00fcfung des Bundesverkehrsministeriums \u2013 ist ein solcher Umbau \u00fcberhaupt noch zeitgem\u00e4\u00df und zukunftsfest?&#8220;, fragt Real. &#8222;Bis diese Fragen beantwortet sind, sollte das Verkehrsministerium das laufende Planfeststellungsverfahren aussetzen&#8220;, r\u00e4t der Sterkrader Bezirksb\u00fcrgermeister. Wie es danach weitergeht, h\u00e4nge dann vom Ergebnis der Pr\u00fcfung ab.<\/p>\n<p>Eines steht f\u00fcr Oberhausens Sozialdemokraten jedenfalls fest: &#8222;Mit uns gibt es keinen m\u00f6glichst kosteng\u00fcnstigen Ausbau des Autobahnkreuzes zu Lasten des Waldes und der Natur&#8220;, verspricht Ulrich Real.<\/p>\n","protected":false},"excerpt":{"rendered":"<p>Gro\u00dfe Ziele erreicht man manchmal mit kleinen Schritten. So ist es der SPD-Ratsfraktion am Montag in der Sitzung des Haupt- und Finanzausschusses ergangen. Ihr \u00c4nderungsantrag zu einer Anregung des B\u00fcndnisses&hellip; <\/p>\n","protected":false},"author":1,"featured_media":0,"comment_status":"closed","ping_status":"closed","sticky":false,"template":"","format":"standard","meta":{"footnotes":""},"categories":[180,3070,29],"tags":[3040,3039,3041,3042,4125,3038,4124,484,291,4128,2316,1052],"quellen":[326],"class_list":["post-11531","post","type-post","status-publish","format-standard","hentry","category-bund","category-mobilitaet","category-umwelt","tag-ausbau-oberhausener-kreuz","tag-autobahn-gmbh","tag-autobahnen","tag-bundesfernstrassen","tag-bundesverkehrsministerium","tag-bundesverkehrswegeplan","tag-buendnis-fuer-den-erhalt-des-sterkrader-waldes","tag-klimaschutz","tag-laermschutz","tag-naturschutz","tag-planfeststellungsverfahren","tag-sterkrader-wald","quellen-spd-fraktion-oberhausen"],"_links":{"self":[{"href":"https:\/\/meier-gerdingh.de\/wp-spd-ob\/wp-json\/wp\/v2\/posts\/11531","targetHints":{"allow":["GET"]}}],"collection":[{"href":"https:\/\/meier-gerdingh.de\/wp-spd-ob\/wp-json\/wp\/v2\/posts"}],"about":[{"href":"https:\/\/meier-gerdingh.de\/wp-spd-ob\/wp-json\/wp\/v2\/types\/post"}],"author":[{"embeddable":true,"href":"https:\/\/meier-gerdingh.de\/wp-spd-ob\/wp-json\/wp\/v2\/users\/1"}],"replies":[{"embeddable":true,"href":"https:\/\/meier-gerdingh.de\/wp-spd-ob\/wp-json\/wp\/v2\/comments?post=11531"}],"version-history":[{"count":0,"href":"https:\/\/meier-gerdingh.de\/wp-spd-ob\/wp-json\/wp\/v2\/posts\/11531\/revisions"}],"wp:attachment":[{"href":"https:\/\/meier-gerdingh.de\/wp-spd-ob\/wp-json\/wp\/v2\/media?parent=11531"}],"wp:term":[{"taxonomy":"category","embeddable":true,"href":"https:\/\/meier-gerdingh.de\/wp-spd-ob\/wp-json\/wp\/v2\/categories?post=11531"},{"taxonomy":"post_tag","embeddable":true,"href":"https:\/\/meier-gerdingh.de\/wp-spd-ob\/wp-json\/wp\/v2\/tags?post=11531"},{"taxonomy":"quellen","embeddable":true,"href":"https:\/\/meier-gerdingh.de\/wp-spd-ob\/wp-json\/wp\/v2\/quellen?post=11531"}],"curies":[{"name":"wp","href":"https:\/\/api.w.org\/{rel}","templated":true}]}}