{"id":11543,"date":"2024-07-02T21:30:25","date_gmt":"2024-07-02T19:30:25","guid":{"rendered":"https:\/\/meier-gerdingh.de\/wp-spd-ob\/?p=11543"},"modified":"2025-07-09T08:57:07","modified_gmt":"2025-07-09T06:57:07","slug":"termine-der-spd-sommerschule-2024","status":"publish","type":"post","link":"https:\/\/meier-gerdingh.de\/wp-spd-ob\/2024\/07\/02\/termine-der-spd-sommerschule-2024\/","title":{"rendered":"Termine der SPD-Sommerschule 2024"},"content":{"rendered":"<p><a href=\"https:\/\/meier-gerdingh.de\/wp-spd-ob\/wp-content\/uploads\/2024\/07\/banner-spd-sommerschule-2024-small.jpg\"><img decoding=\"async\" src=\"https:\/\/meier-gerdingh.de\/wp-spd-ob\/wp-content\/uploads\/2024\/07\/banner-spd-sommerschule-2024-small.jpg\" alt=\"\" width=\"700\" height=\"250\" class=\"aligncenter size-full wp-image-11542\" srcset=\"https:\/\/meier-gerdingh.de\/wp-spd-ob\/wp-content\/uploads\/2024\/07\/banner-spd-sommerschule-2024-small.jpg 700w, https:\/\/meier-gerdingh.de\/wp-spd-ob\/wp-content\/uploads\/2024\/07\/banner-spd-sommerschule-2024-small-300x107.jpg 300w\" sizes=\"(max-width: 700px) 100vw, 700px\" \/><\/a>Die eigene Stadt ein bisschen besser kennenlernen, hinter die Kulissen blicken und zum Abschluss ein kleines Grillfest: Die Sommerschule der SPD-Ratsfraktion startet wie gewohnt in der Ferienzeit: An sechs Terminen laden wir B\u00fcrgerinnen und B\u00fcrger \u2013 auch ohne SPD-Parteibuch \u2013 ein, hinter die Kulissen unserer Stadt zu blicken. Teilnehmen kann jede und jeder, einige Angebote sind allerdings nur beschr\u00e4nkt barrierefrei. Die Teilnahme ist grunds\u00e4tzlich kostenfrei, um Anmeldung im Vorfeld wird allerdings gebeten, entweder per Mail unter <a href=\"mailto:buero@spd-fraktion-oberhausen.de\">buero@spd-fraktion-oberhausen.de<\/a> oder telefonisch unter <a href=\"tel:+492088253479\">(0208) 825-3479<\/a>.<!--more--><\/p>\n<hr id=\"soschu-24-01\" class=\"spd-ob-sommerschule-divider\" \/>\n<div class=\"spd-ob-sommerschule-date\"><em>1. Termin: <\/em>DO\u00a0|\u00a011. JULI 2024\u00a0|\u00a015.00 Uhr<\/div>\n<h3 class=\"spd-ob-sommerschule-title\">Berufsf\u00f6rderungswerk Oberhausen<\/h3>\n<div class=\"spd-ob-sommerschule-location\"><em>Treffpunkt: <\/em>15.00 Uhr\u00a0| Bebelstr. 56<\/div>\n<p>Wer nach einer Krankheit oder einem Unfall zur\u00fcck ins Berufsleben will, ist im Berufsf\u00f6rderungswerk Oberhausen (BFW) genau richtig aufgehoben. Das markante Geb\u00e4ude des BFW mit der bunten Fassade an der Bebelstra\u00dfe kennen viele Oberhausenerinnen und Oberhausener. Doch wie sieht es hinter den Kulissen aus und was genau leistet die Spezialeinrichtung der beruflichen Rehabilitation mit ihren mehr als 250 Mitarbeitenden in den Bereichen Ausbildung, Psychologie, Medizin, Physiotherapie, Rehap\u00e4dagogik, Assessment u.v.m.? Vor Ort lernen wir die berufliche Rehabilitation in der Praxis kennen und erkunden das BFW auf einem gemeinsamen Rundgang, die Veranstaltung ist barrierefrei.<br \/>\n<div class='ajde_evcal_calendar eventon_single_event eventon_event evo_sin_box sev cev color esty_2' ><div class='evo-data'   data-ux_val='1' data-exturl='' data-mapscroll='true' data-mapformat='roadmap' data-mapzoom='16' ><\/div><div class='evo_cal_data' data-sc='{\"excerpt\":\"no\",\"expanded\":\"no\",\"ux_val\":1,\"exturl\":\"\",\"mapscroll\":\"true\",\"mapformat\":\"roadmap\",\"mapzoom\":\"16\",\"maps_load\":\"yes\"}'><\/div><div id='evcal_list' class='eventon_events_list '>Missing Event Data<\/div><\/div><\/p>\n<hr id=\"soschu-24-02\" class=\"spd-ob-sommerschule-divider\" \/>\n<div class=\"spd-ob-sommerschule-date\"><em>2. Termin: <\/em>MI\u00a0|\u00a017. JULI 2024\u00a0|\u00a015.30 Uhr<\/div>\n<h3 class=\"spd-ob-sommerschule-title\">Ausbildungszentrum der Bauindustrie NRW<\/h3>\n<div class=\"spd-ob-sommerschule-location\"><em>Treffpunkt: <\/em>15.30 Uhr\u00a0| Vestische Str. 46<\/div>\n<p>Seit mehr als f\u00fcnf Jahren ist das Ausbildungszentrum der Bauindustrie Nordrhein-Westfalens nun schon in Osterfeld angesiedelt: Es ist Zeit, sich mal auf den neuesten Stand zu bringen. Wie ist die Akzeptanz, welche Pl\u00e4ne gibt es f\u00fcr die Zukunft \u2013 und was genau passiert dort eigentlich genau? Jens Waldoch, Leiter des Ausbildungszentrums, wird es der Besuchergruppe erkl\u00e4ren und auf Fragen eingehen. Die <strong>Teilnehmerzahl ist bei diesem Angebot auf 30 Personen beschr\u00e4nkt<\/strong> und weitestgehend barrierefrei.<br \/>\n<div class='ajde_evcal_calendar eventon_single_event eventon_event evo_sin_box sev cev color esty_2' ><div class='evo-data'   data-ux_val='1' data-exturl='' data-mapscroll='true' data-mapformat='roadmap' data-mapzoom='16' ><\/div><div class='evo_cal_data' data-sc='{\"excerpt\":\"no\",\"expanded\":\"no\",\"ux_val\":1,\"exturl\":\"\",\"mapscroll\":\"true\",\"mapformat\":\"roadmap\",\"mapzoom\":\"16\",\"maps_load\":\"yes\"}'><\/div><div id='evcal_list' class='eventon_events_list '>Missing Event Data<\/div><\/div><\/p>\n<hr id=\"soschu-24-03\" class=\"spd-ob-sommerschule-divider\" \/>\n<div class=\"spd-ob-sommerschule-date\"><em>3. Termin: <\/em>MI\u00a0|\u00a024. JULI 2024\u00a0|\u00a016.00 Uhr<\/div>\n<h3 class=\"spd-ob-sommerschule-title\">HFS-Solutions<\/h3>\n<div class=\"spd-ob-sommerschule-location\"><em>Treffpunkt: <\/em>16.00 Uhr\u00a0| G\u00fcterstr. 11<\/div>\n<p>Die Zahl der Selbstst\u00e4ndigen ohne deutschen Pass hat in den letzten Jahren weit \u00fcberproportional zugenommen. Nach einer Erhebung des Instituts f\u00fcr Mittelstandsforschung besitzt hierzulande jede sechste unternehmerisch engagierte Person einen Migrationshintergrund, Tendenz steigend. \u00dcber die sozialen Charakteristika dieser Selbst\u00e4ndigen und die wirtschaftliche Bedeutung ihrer Unternehmen ist allerdings wenig bekannt. Die T\u00e4tigkeiten dieser Gruppe gehen indes weit \u00fcber die Gastronomie und den Einzelhandel hinaus. Ein erfolgreicher Unternehmer ist der Oberhausener Mehriz Fezzani, CEO der IT-Firma HFS-Solutions. In den R\u00e4umlichkeiten seines Unternehmens an der G\u00fcterstra\u00dfe werden wir uns mit dem Thema Migranten\u00f6konomie befassen, und das bei einem Unternehmen, das im Feld der digitalen Transformation ein St\u00fcck weit die Zukunft der hiesigen Wirtschaft sichern hilft. <\/p>\n<p>Die Veranstaltung ist weitestgehend barrierefrei.<br \/>\n<div class='ajde_evcal_calendar eventon_single_event eventon_event evo_sin_box sev cev color esty_2' ><div class='evo-data'   data-ux_val='1' data-exturl='' data-mapscroll='true' data-mapformat='roadmap' data-mapzoom='16' ><\/div><div class='evo_cal_data' data-sc='{\"excerpt\":\"no\",\"expanded\":\"no\",\"ux_val\":1,\"exturl\":\"\",\"mapscroll\":\"true\",\"mapformat\":\"roadmap\",\"mapzoom\":\"16\",\"maps_load\":\"yes\"}'><\/div><div id='evcal_list' class='eventon_events_list '>Missing Event Data<\/div><\/div><\/p>\n<hr id=\"soschu-24-04\" class=\"spd-ob-sommerschule-divider\" \/>\n<div class=\"spd-ob-sommerschule-date\"><em>4. Termin: <\/em>MI\u00a0|\u00a031. JULI 2024\u00a0|\u00a016.00 Uhr<\/div>\n<h3 class=\"spd-ob-sommerschule-title\">Ein Kulturspaziergang durch die Innenstadt<\/h3>\n<div class=\"spd-ob-sommerschule-location\"><em>Treffpunkt: <\/em>16.00 Uhr\u00a0| Vor der Artothek im Europahaus, Ecke Friedensplatz \/ Els\u00e4sser Str.<\/div>\n<p>Dass die Kultur in Oberhausen einen hohen Stellenwert hat, ist bekannt \u2013 gerade in der Innenstadt gibt es etliche Angebote f\u00fcr die unterschiedlichsten Interessensgruppen. Auf unserem kleinen Rundgang wollen wir ein \u201egestandenes\u201c sowie zwei relativ neue Angebote in der City besuchen: Wir beginnen in der Artothek, die mittlerweile ein neues Zuhause im Europahaus gefunden hat und erfahren aus erster Hand, wie ein Leerstand durch solch eine Nutzung aufgewertet werden kann. Von dort aus geht es weiter zum &#8222;Supermarkt der Ideen&#8220; an der Goebenstra\u00dfe: Dort sitzen das Kreativlabor c.lab und die offene Werkstatt. Der Supermarkt befindet sich im st\u00e4ndigen Wandel: neben Veranstaltungen und der Werkstatt sind R\u00e4ume f\u00fcr sozialen Austausch und Co-Working-Spaces angedacht. Zum Abschluss geht\u2019s r\u00fcber zum Altmarkt, wo eine neue &#8222;Stadtb\u00fchne&#8220; bespielt wird. Neugierig geworden? Dann nichts wie los.<\/p>\n<p>Auch dieses Angebot ist in weiten Teilen barrierefrei.<br \/>\n<div class='ajde_evcal_calendar eventon_single_event eventon_event evo_sin_box sev cev color esty_2' ><div class='evo-data'   data-ux_val='1' data-exturl='' data-mapscroll='true' data-mapformat='roadmap' data-mapzoom='16' ><\/div><div class='evo_cal_data' data-sc='{\"excerpt\":\"no\",\"expanded\":\"no\",\"ux_val\":1,\"exturl\":\"\",\"mapscroll\":\"true\",\"mapformat\":\"roadmap\",\"mapzoom\":\"16\",\"maps_load\":\"yes\"}'><\/div><div id='evcal_list' class='eventon_events_list '>Missing Event Data<\/div><\/div><\/p>\n<hr id=\"soschu-24-05\" class=\"spd-ob-sommerschule-divider\" \/>\n<div class=\"spd-ob-sommerschule-date\"><em>5. Termin: <\/em>DO\u00a0|\u00a008. AUGUST 2024\u00a0|\u00a016.00 Uhr<\/div>\n<h3 class=\"spd-ob-sommerschule-title\">Ein Blick hinter die Kulissen der GMVA<\/h3>\n<div class=\"spd-ob-sommerschule-location\"><em>Treffpunkt: <\/em>16.00 Uhr\u00a0| Pf\u00f6rtnerhaus, Liricher Str. 121-123<\/div>\n<p>Klar, jede Oberhausenerin und jeder Oberhausener kennen den hellblauen Bau mit dem markanten Schornstein \u2013 zumindest von au\u00dfen. Aber was l\u00e4uft hinter den Pforten der M\u00fcllverbrennungsanlage am Rhein-Herne-Kanal ab? Wir haben die Chance, bei einer F\u00fchrung die GMVA, den Ablauf und die Technik kennenzulernen. Dabei kann es auch mal etwas &#8222;rustikaler&#8220; werden: festes Schuhwerk und wetterfeste Kleidung sind notwendig, da der Rundgang \u00fcber Treppen und Gitterroste f\u00fchrt.<\/p>\n<p>Treffpunkt f\u00fcr die Teilnehmerinnen und Teilnehmer ist das Pf\u00f6rtnerhaus der GMVA Niederrhein, Zufahrt unbedingt von der Liricher Stra\u00dfe 121-123. <strong>Die Teilnehmerzahl ist hier auf 20 Personen begrenzt<\/strong>, das B\u00fcro muss eine Teilnehmerliste mit Namen erstellen \u2013 <strong>ohne Anmeldung ist eine Teilnahme hierbei nicht m\u00f6glich!<\/strong><br \/>\n<div class='ajde_evcal_calendar eventon_single_event eventon_event evo_sin_box sev cev color esty_2' ><div class='evo-data'   data-ux_val='1' data-exturl='' data-mapscroll='true' data-mapformat='roadmap' data-mapzoom='16' ><\/div><div class='evo_cal_data' data-sc='{\"excerpt\":\"no\",\"expanded\":\"no\",\"ux_val\":1,\"exturl\":\"\",\"mapscroll\":\"true\",\"mapformat\":\"roadmap\",\"mapzoom\":\"16\",\"maps_load\":\"yes\"}'><\/div><div id='evcal_list' class='eventon_events_list '>Missing Event Data<\/div><\/div><\/p>\n<hr id=\"soschu-24-06\" class=\"spd-ob-sommerschule-divider\" \/>\n<div class=\"spd-ob-sommerschule-date\"><em>6. Termin: <\/em>MI\u00a0|\u00a014. AUGUST 2024\u00a0|\u00a016.00 Uhr<\/div>\n<h3 class=\"spd-ob-sommerschule-title\">Zu Gast im Generationengarten der AWO<\/h3>\n<div class=\"spd-ob-sommerschule-location\"><em>Treffpunkt: <\/em>16.00 Uhr\u00a0| Am Kaisergarten<\/div>\n<p>Zum Abschluss der Sommerschule l\u00e4uten wir unseren eigenen kleinen Feriennachmittag ein: Wir sind zu Gast im Generationengarten der Arbeiterwohlfahrt (Zugang \u00fcber die Stra\u00dfe &#8222;Am Kaisergarten&#8220; v. d. M\u00fclheimer Stra\u00dfe). Dort begr\u00fc\u00dft uns der Kreisverbands-Gesch\u00e4ftsf\u00fchrer Gerrit Plein und wirft gemeinsam mit den G\u00e4sten einen Blick auf die Arbeit seines Verbandes in Oberhausen. Was sind die aktuellen, was wohl die zuk\u00fcnftigen Herausforderungen?<\/p>\n<p>Zum Abschluss der Sommerschule wird nat\u00fcrlich traditionsgem\u00e4\u00df der Grill angeworfen und das eine oder andere Kaltgetr\u00e4nk serviert.<\/p>\n<p>Die SPD-Ratsfraktion freut sich auf alle G\u00e4ste!<br \/>\n<div class='ajde_evcal_calendar eventon_single_event eventon_event evo_sin_box sev cev color esty_2' ><div class='evo-data'   data-ux_val='1' data-exturl='' data-mapscroll='true' data-mapformat='roadmap' data-mapzoom='16' ><\/div><div class='evo_cal_data' data-sc='{\"excerpt\":\"no\",\"expanded\":\"no\",\"ux_val\":1,\"exturl\":\"\",\"mapscroll\":\"true\",\"mapformat\":\"roadmap\",\"mapzoom\":\"16\",\"maps_load\":\"yes\"}'><\/div><div id='evcal_list' class='eventon_events_list '>Missing Event Data<\/div><\/div><\/p>\n","protected":false},"excerpt":{"rendered":"<p>Die eigene Stadt ein bisschen besser kennenlernen, hinter die Kulissen blicken und zum Abschluss ein kleines Grillfest: Die Sommerschule der SPD-Ratsfraktion startet wie gewohnt in der Ferienzeit: An sechs Terminen&hellip; <\/p>\n","protected":false},"author":1,"featured_media":0,"comment_status":"closed","ping_status":"closed","sticky":false,"template":"","format":"standard","meta":{"footnotes":""},"categories":[173,171],"tags":[819,4165],"quellen":[326],"class_list":["post-11543","post","type-post","status-publish","format-standard","hentry","category-parteileben","category-veranstaltungen","tag-spd-sommerschule","tag-spd-sommerschule-2024","quellen-spd-fraktion-oberhausen"],"_links":{"self":[{"href":"https:\/\/meier-gerdingh.de\/wp-spd-ob\/wp-json\/wp\/v2\/posts\/11543","targetHints":{"allow":["GET"]}}],"collection":[{"href":"https:\/\/meier-gerdingh.de\/wp-spd-ob\/wp-json\/wp\/v2\/posts"}],"about":[{"href":"https:\/\/meier-gerdingh.de\/wp-spd-ob\/wp-json\/wp\/v2\/types\/post"}],"author":[{"embeddable":true,"href":"https:\/\/meier-gerdingh.de\/wp-spd-ob\/wp-json\/wp\/v2\/users\/1"}],"replies":[{"embeddable":true,"href":"https:\/\/meier-gerdingh.de\/wp-spd-ob\/wp-json\/wp\/v2\/comments?post=11543"}],"version-history":[{"count":0,"href":"https:\/\/meier-gerdingh.de\/wp-spd-ob\/wp-json\/wp\/v2\/posts\/11543\/revisions"}],"wp:attachment":[{"href":"https:\/\/meier-gerdingh.de\/wp-spd-ob\/wp-json\/wp\/v2\/media?parent=11543"}],"wp:term":[{"taxonomy":"category","embeddable":true,"href":"https:\/\/meier-gerdingh.de\/wp-spd-ob\/wp-json\/wp\/v2\/categories?post=11543"},{"taxonomy":"post_tag","embeddable":true,"href":"https:\/\/meier-gerdingh.de\/wp-spd-ob\/wp-json\/wp\/v2\/tags?post=11543"},{"taxonomy":"quellen","embeddable":true,"href":"https:\/\/meier-gerdingh.de\/wp-spd-ob\/wp-json\/wp\/v2\/quellen?post=11543"}],"curies":[{"name":"wp","href":"https:\/\/api.w.org\/{rel}","templated":true}]}}